{"id":138929,"date":"2026-03-08T20:50:02","date_gmt":"2026-03-09T01:50:02","guid":{"rendered":"https:\/\/formalprision.com\/?p=138929"},"modified":"2026-03-10T01:20:32","modified_gmt":"2026-03-10T06:20:32","slug":"muere-salvadoreno-al-que-bukele-le-cumplio-su-ultimo-deseo","status":"publish","type":"post","link":"https:\/\/formalprision.com\/?p=138929","title":{"rendered":"Muere salvadore\u00f1o al que Bukele le cumpli\u00f3 su \u00faltimo deseo"},"content":{"rendered":"\n<p>Muri\u00f3 Julio C\u00e9sar Rivera L\u00f3pez, el salvadore\u00f1o de 44 a\u00f1os que logr\u00f3 cumplir su \u00faltimo deseo gracias a la ayuda del presidente de El Salvador, Nayib Bukele.<\/p>\n\n\n\n<p>Rivera, quien viv\u00eda en Nueva York, hab\u00eda sido diagnosticado con c\u00e1ncer terminal y pidi\u00f3 regresar a su pa\u00eds para pasar sus \u00faltimos d\u00edas junto a su familia, a quienes no ve\u00eda desde hac\u00eda m\u00e1s de 20 a\u00f1os.<\/p>\n\n\n\n<p>Debido a la gravedad de su estado de salud, no pod\u00eda viajar en un vuelo comercial. Sin embargo, cuando su historia se hizo viral en redes sociales, el presidente Bukele intervino y orden\u00f3 que el gobierno salvadore\u00f1o asumiera los costos y la log\u00edstica de su traslado.<\/p>\n\n\n\n<p>El salvadore\u00f1o regres\u00f3 a su tierra natal el 8 de febrero de 2026, en una ambulancia a\u00e9rea con personal m\u00e9dico especializado, y fue llevado a su casa en Cara Sucia, Ahuachap\u00e1n, donde el Ministerio de Salud instal\u00f3 equipos m\u00e9dicos para brindarle cuidados paliativos.<\/p>\n\n\n\n<p>Finalmente, este jueves Julio Rivera falleci\u00f3 rodeado de su familia, cumpliendo el deseo que tanto anhelaba: morir en su pa\u00eds y junto a los suyos.<\/p>\n\n\n\n<p>Su historia se convirti\u00f3 en un s\u00edmbolo del amor por la tierra natal y del v\u00ednculo que muchos migrantes mantienen con su pa\u00eds de origen.<\/p>\n","protected":false},"excerpt":{"rendered":"<p>Muri\u00f3 Julio C\u00e9sar Rivera L\u00f3pez, el salvadore\u00f1o de 44 a\u00f1os que logr\u00f3 cumplir su \u00faltimo deseo gracias a la ayuda del presidente de El Salvador, Nayib Bukele. Rivera, quien viv\u00eda<\/p>\n","protected":false},"author":2,"featured_media":138924,"comment_status":"open","ping_status":"open","sticky":false,"template":"","format":"standard","meta":{"jetpack_post_was_ever_published":false,"_jetpack_newsletter_access":"","_jetpack_dont_email_post_to_subs":false,"_jetpack_newsletter_tier_id":0,"_jetpack_memberships_contains_paywalled_content":false,"_jetpack_memberships_contains_paid_content":false,"footnotes":"","jetpack_publicize_message":"","jetpack_publicize_feature_enabled":true,"jetpack_social_post_already_shared":true,"jetpack_social_options":{"image_generator_settings":{"template":"highway","default_image_id":0,"font":"","enabled":false},"version":2}},"categories":[23],"tags":[],"class_list":["post-138929","post","type-post","status-publish","format-standard","has-post-thumbnail","hentry","category-del-mundo"],"jetpack_publicize_connections":[],"jetpack_featured_media_url":"https:\/\/formalprision.com\/wp-content\/uploads\/2026\/03\/salva.jpg","jetpack_sharing_enabled":true,"jetpack_shortlink":"https:\/\/wp.me\/p6id8p-A8N","_links":{"self":[{"href":"https:\/\/formalprision.com\/index.php?rest_route=\/wp\/v2\/posts\/138929","targetHints":{"allow":["GET"]}}],"collection":[{"href":"https:\/\/formalprision.com\/index.php?rest_route=\/wp\/v2\/posts"}],"about":[{"href":"https:\/\/formalprision.com\/index.php?rest_route=\/wp\/v2\/types\/post"}],"author":[{"embeddable":true,"href":"https:\/\/formalprision.com\/index.php?rest_route=\/wp\/v2\/users\/2"}],"replies":[{"embeddable":true,"href":"https:\/\/formalprision.com\/index.php?rest_route=%2Fwp%2Fv2%2Fcomments&post=138929"}],"version-history":[{"count":1,"href":"https:\/\/formalprision.com\/index.php?rest_route=\/wp\/v2\/posts\/138929\/revisions"}],"predecessor-version":[{"id":138930,"href":"https:\/\/formalprision.com\/index.php?rest_route=\/wp\/v2\/posts\/138929\/revisions\/138930"}],"wp:featuredmedia":[{"embeddable":true,"href":"https:\/\/formalprision.com\/index.php?rest_route=\/wp\/v2\/media\/138924"}],"wp:attachment":[{"href":"https:\/\/formalprision.com\/index.php?rest_route=%2Fwp%2Fv2%2Fmedia&parent=138929"}],"wp:term":[{"taxonomy":"category","embeddable":true,"href":"https:\/\/formalprision.com\/index.php?rest_route=%2Fwp%2Fv2%2Fcategories&post=138929"},{"taxonomy":"post_tag","embeddable":true,"href":"https:\/\/formalprision.com\/index.php?rest_route=%2Fwp%2Fv2%2Ftags&post=138929"}],"curies":[{"name":"wp","href":"https:\/\/api.w.org\/{rel}","templated":true}]}}