{"id":138943,"date":"2026-03-09T20:13:53","date_gmt":"2026-03-10T01:13:53","guid":{"rendered":"https:\/\/formalprision.com\/?p=138943"},"modified":"2026-03-09T20:13:53","modified_gmt":"2026-03-10T01:13:53","slug":"el-ayuntamiento-de-merida-organiza-mesas-de-conversacion-sobre-los-gremios","status":"publish","type":"post","link":"https:\/\/formalprision.com\/?p=138943","title":{"rendered":"El Ayuntamiento de M\u00e9rida organiza mesas de conversaci\u00f3n sobre los gremios"},"content":{"rendered":"\n<p>M\u00c9RIDA, Yucat\u00e1n.- A trav\u00e9s de tres mesas de conversaci\u00f3n, el Ayuntamiento de M\u00e9rida que encabeza Cecilia Patr\u00f3n Laviada organiza el Coloquio \u201cPrometer, festejar y continuar, gremios y patrimonio\u201d.<\/p>\n\n\n\n<p>La jornada se realizar\u00e1 el pr\u00f3ximo jueves 12 de marzo, en la Videosala del Centro Cultural de M\u00e9rida Olimpo y est\u00e1 dirigida a estudiantes, acad\u00e9micos, agentes activos de los gremios locales, gestores culturales y p\u00fablico en general, informa la Direcci\u00f3n de Identidad y Cultura.<\/p>\n\n\n\n<p>A trav\u00e9s de esta propuesta, el Ayuntamiento propone generar espacios de conversaci\u00f3n en torno a los gremios como pr\u00e1cticas colectivas fundamentales en la confecci\u00f3n de diversas identidades, tales como de oficio, las religiosas, barriales, de g\u00e9nero, edad, etc.<\/p>\n\n\n\n<p>En los gremios se entretejen, con talento celebrativo y colectivo, conocimientos, haceres, formas organizativas y econ\u00f3micas, convicciones religiosas, expresiones devocionales, afectivas y pol\u00edticas, que entre muchas otras posibilitan mutuas continuidades.<\/p>\n\n\n\n<p>La jornada inaugural del coloquio est\u00e1 prevista el jueves 12 de marzo, a las 10 de la ma\u00f1ana, junto con la apertura de la muestra visual \u201cOfrendas de flores y fuego\u201d en la que participan Clarissa Alamilla, Rosario Caldera, Mauricio Coll\u00ed y Mar\u00eda Jes\u00fas Novelo. Incluye 19 im\u00e1genes, entre fotograf\u00edas y estampas.<\/p>\n\n\n\n<p>La Mesa 1 \u201cLos gremios: promesas en colectivo\u201d,&nbsp; busca asomarse a un cartograf\u00eda festiva peninsular, focalizada en los gremios de la regi\u00f3n oriente&nbsp; y la ciudad de M\u00e9rida, as\u00ed como sus historias, variaciones, antig\u00fcedades. formas de operaci\u00f3n, santos a quienes les dedican sus actividades y elementos identitarios que les conforman.<\/p>\n\n\n\n<p>En la Mesa 2 \u201cGremios y territorios. Agentes que permiten la fiesta y sus continuidades\u201d, la conversaci\u00f3n girar\u00e1 en torno a las interdependencias en los gremios en distintos momentos hist\u00f3ricos y los agentes que intervienen.<\/p>\n\n\n\n<p>La tercera mesa \u201cGremios, sus enseres, sus patrimonios\u201d abordar\u00e1 las materialidades e inmaterialidad de los gremios y pensar en conceptos como el patrimonio desde lo que las mismas sociedades piensan como necesario para mantener, preservar, retomar o cambiar.<\/p>\n\n\n\n<p>En las mesas participar\u00e1n especialistas del Centro INAH Yucat\u00e1n, el Centro de Investigaciones y Estudios Superiores en Antropolog\u00eda Social (CIESAS) Unidad Regional Peninsular, la Escuela Nacional de Estudios Superiores (ENES) Unidad M\u00e9rida, la UADY y el Centro Peninsular en Humanidades y Ciencias Sociales (CEPHCIS) de la UNAM.<\/p>\n\n\n\n<p>Asimismo representantes del Gremio Uni\u00f3n Familiar (en honor a la Pur\u00edsima Concepci\u00f3n de Mar\u00eda, Molas), Gremio Se\u00f1oras y Se\u00f1oritas de Santiago y el Gremio de Mestizos y Jaraneros La Bajada San Crist\u00f3bal.<\/p>\n\n\n\n<p>Tambi\u00e9n estar\u00e1n en las mesas personal de la Pastoral de Santuarios y Piedad Popular de la Arquidi\u00f3cesis de Yucat\u00e1n, de la Coordinaci\u00f3n de Parques y Reservas Arqueol\u00f3gicas y el Departamento de Asuntos Religiosos, estos \u00faltimos del Ayuntamiento.<\/p>\n\n\n\n<p>El acceso a las tres mesas es gratuito y el registro se realiza al momento de entrar a la Videosala. El programa de actividades se puede consultar en las redes de la Direcci\u00f3n de Identidad y Cultura.<\/p>\n","protected":false},"excerpt":{"rendered":"<p>M\u00c9RIDA, Yucat\u00e1n.- A trav\u00e9s de tres mesas de conversaci\u00f3n, el Ayuntamiento de M\u00e9rida que encabeza Cecilia Patr\u00f3n Laviada organiza el Coloquio \u201cPrometer, festejar y continuar, gremios y patrimonio\u201d. La jornada<\/p>\n","protected":false},"author":2,"featured_media":138945,"comment_status":"open","ping_status":"open","sticky":false,"template":"","format":"standard","meta":{"jetpack_post_was_ever_published":false,"_jetpack_newsletter_access":"","_jetpack_dont_email_post_to_subs":false,"_jetpack_newsletter_tier_id":0,"_jetpack_memberships_contains_paywalled_content":false,"_jetpack_memberships_contains_paid_content":false,"footnotes":"","jetpack_publicize_message":"","jetpack_publicize_feature_enabled":true,"jetpack_social_post_already_shared":true,"jetpack_social_options":{"image_generator_settings":{"template":"highway","default_image_id":0,"font":"","enabled":false},"version":2}},"categories":[14],"tags":[],"class_list":["post-138943","post","type-post","status-publish","format-standard","has-post-thumbnail","hentry","category-merida"],"jetpack_publicize_connections":[],"jetpack_featured_media_url":"https:\/\/formalprision.com\/wp-content\/uploads\/2026\/03\/WhatsApp-Image-2026-03-09-at-3.16.02-PM.jpeg","jetpack_sharing_enabled":true,"jetpack_shortlink":"https:\/\/wp.me\/p6id8p-A91","_links":{"self":[{"href":"https:\/\/formalprision.com\/index.php?rest_route=\/wp\/v2\/posts\/138943","targetHints":{"allow":["GET"]}}],"collection":[{"href":"https:\/\/formalprision.com\/index.php?rest_route=\/wp\/v2\/posts"}],"about":[{"href":"https:\/\/formalprision.com\/index.php?rest_route=\/wp\/v2\/types\/post"}],"author":[{"embeddable":true,"href":"https:\/\/formalprision.com\/index.php?rest_route=\/wp\/v2\/users\/2"}],"replies":[{"embeddable":true,"href":"https:\/\/formalprision.com\/index.php?rest_route=%2Fwp%2Fv2%2Fcomments&post=138943"}],"version-history":[{"count":1,"href":"https:\/\/formalprision.com\/index.php?rest_route=\/wp\/v2\/posts\/138943\/revisions"}],"predecessor-version":[{"id":138944,"href":"https:\/\/formalprision.com\/index.php?rest_route=\/wp\/v2\/posts\/138943\/revisions\/138944"}],"wp:featuredmedia":[{"embeddable":true,"href":"https:\/\/formalprision.com\/index.php?rest_route=\/wp\/v2\/media\/138945"}],"wp:attachment":[{"href":"https:\/\/formalprision.com\/index.php?rest_route=%2Fwp%2Fv2%2Fmedia&parent=138943"}],"wp:term":[{"taxonomy":"category","embeddable":true,"href":"https:\/\/formalprision.com\/index.php?rest_route=%2Fwp%2Fv2%2Fcategories&post=138943"},{"taxonomy":"post_tag","embeddable":true,"href":"https:\/\/formalprision.com\/index.php?rest_route=%2Fwp%2Fv2%2Ftags&post=138943"}],"curies":[{"name":"wp","href":"https:\/\/api.w.org\/{rel}","templated":true}]}}