{"id":138966,"date":"2026-03-10T01:17:16","date_gmt":"2026-03-10T06:17:16","guid":{"rendered":"https:\/\/formalprision.com\/?p=138966"},"modified":"2026-03-10T22:13:57","modified_gmt":"2026-03-11T03:13:57","slug":"iran-nombra-a-mojtaba-jamenei-como-nuevo-lider-supremo-tras-la-muerte-de-su-padre","status":"publish","type":"post","link":"https:\/\/formalprision.com\/?p=138966","title":{"rendered":"Ir\u00e1n nombra a Mojtaba Jamenei como nuevo l\u00edder supremo tras la muerte de su padre"},"content":{"rendered":"\n<p>Ir\u00e1n design\u00f3 a Mojtaba Jamenei como nuevo l\u00edder supremo del pa\u00eds, sucediendo a su padre, el ayatol\u00e1 Ali Jamenei, quien muri\u00f3 tras un ataque a\u00e9reo en medio del conflicto regional que involucra a Israel y Estados Unidos.<\/p>\n\n\n\n<p>La Asamblea de Expertos de Ir\u00e1n, \u00f3rgano religioso encargado de elegir al m\u00e1ximo l\u00edder del pa\u00eds, confirm\u00f3 el nombramiento el 8 de marzo, apenas unos d\u00edas despu\u00e9s del fallecimiento de Jamenei, ocurrido el 28 de febrero durante bombardeos en Teher\u00e1n.<\/p>\n\n\n\n<p>Mojtaba Jamenei, de 56 a\u00f1os y cl\u00e9rigo chiita, se convierte as\u00ed en el tercer l\u00edder supremo de la Rep\u00fablica Isl\u00e1mica desde la revoluci\u00f3n de 1979. Aunque no hab\u00eda ocupado cargos p\u00fablicos ni sido elegido por voto popular, durante a\u00f1os fue considerado uno de los principales aspirantes a suceder a su padre debido a su influencia dentro de c\u00edrculos conservadores y su cercan\u00eda con la Guardia Revolucionaria.<\/p>\n\n\n\n<p>Su designaci\u00f3n marca un hecho inusual en la pol\u00edtica iran\u00ed, pues representa la primera transici\u00f3n de poder de car\u00e1cter familiar en el sistema teocr\u00e1tico del pa\u00eds, lo que ha generado debate sobre una posible consolidaci\u00f3n de una dinast\u00eda pol\u00edtica dentro del r\u00e9gimen.<\/p>\n\n\n\n<p>El nombramiento ocurre adem\u00e1s en un contexto de alta tensi\u00f3n en Medio Oriente, con enfrentamientos entre Ir\u00e1n, Israel y Estados Unidos que han dejado centenares de v\u00edctimas y ataques militares cruzados en la regi\u00f3n.<\/p>\n\n\n\n<p>Tras el anuncio, instituciones clave del pa\u00eds, incluida la Guardia Revolucionaria, manifestaron su lealtad al nuevo l\u00edder supremo, quien ahora tendr\u00e1 un papel central en la estrategia pol\u00edtica y militar de Ir\u00e1n durante el conflicto en curso.<\/p>\n","protected":false},"excerpt":{"rendered":"<p>Ir\u00e1n design\u00f3 a Mojtaba Jamenei como nuevo l\u00edder supremo del pa\u00eds, sucediendo a su padre, el ayatol\u00e1 Ali Jamenei, quien muri\u00f3 tras un ataque a\u00e9reo en medio del conflicto regional<\/p>\n","protected":false},"author":1,"featured_media":138967,"comment_status":"open","ping_status":"open","sticky":false,"template":"","format":"standard","meta":{"jetpack_post_was_ever_published":false,"_jetpack_newsletter_access":"","_jetpack_dont_email_post_to_subs":false,"_jetpack_newsletter_tier_id":0,"_jetpack_memberships_contains_paywalled_content":false,"_jetpack_memberships_contains_paid_content":false,"footnotes":"","jetpack_publicize_message":"","jetpack_publicize_feature_enabled":true,"jetpack_social_post_already_shared":true,"jetpack_social_options":{"image_generator_settings":{"template":"highway","default_image_id":0,"font":"","enabled":false},"version":2}},"categories":[23],"tags":[],"class_list":["post-138966","post","type-post","status-publish","format-standard","has-post-thumbnail","hentry","category-del-mundo"],"jetpack_publicize_connections":[],"jetpack_featured_media_url":"https:\/\/formalprision.com\/wp-content\/uploads\/2026\/03\/FB_IMG_1773122405074.jpg","jetpack_sharing_enabled":true,"jetpack_shortlink":"https:\/\/wp.me\/p6id8p-A9o","_links":{"self":[{"href":"https:\/\/formalprision.com\/index.php?rest_route=\/wp\/v2\/posts\/138966","targetHints":{"allow":["GET"]}}],"collection":[{"href":"https:\/\/formalprision.com\/index.php?rest_route=\/wp\/v2\/posts"}],"about":[{"href":"https:\/\/formalprision.com\/index.php?rest_route=\/wp\/v2\/types\/post"}],"author":[{"embeddable":true,"href":"https:\/\/formalprision.com\/index.php?rest_route=\/wp\/v2\/users\/1"}],"replies":[{"embeddable":true,"href":"https:\/\/formalprision.com\/index.php?rest_route=%2Fwp%2Fv2%2Fcomments&post=138966"}],"version-history":[{"count":1,"href":"https:\/\/formalprision.com\/index.php?rest_route=\/wp\/v2\/posts\/138966\/revisions"}],"predecessor-version":[{"id":138968,"href":"https:\/\/formalprision.com\/index.php?rest_route=\/wp\/v2\/posts\/138966\/revisions\/138968"}],"wp:featuredmedia":[{"embeddable":true,"href":"https:\/\/formalprision.com\/index.php?rest_route=\/wp\/v2\/media\/138967"}],"wp:attachment":[{"href":"https:\/\/formalprision.com\/index.php?rest_route=%2Fwp%2Fv2%2Fmedia&parent=138966"}],"wp:term":[{"taxonomy":"category","embeddable":true,"href":"https:\/\/formalprision.com\/index.php?rest_route=%2Fwp%2Fv2%2Fcategories&post=138966"},{"taxonomy":"post_tag","embeddable":true,"href":"https:\/\/formalprision.com\/index.php?rest_route=%2Fwp%2Fv2%2Ftags&post=138966"}],"curies":[{"name":"wp","href":"https:\/\/api.w.org\/{rel}","templated":true}]}}