{"id":138972,"date":"2026-03-10T20:08:24","date_gmt":"2026-03-11T01:08:24","guid":{"rendered":"https:\/\/formalprision.com\/?p=138972"},"modified":"2026-03-10T22:13:38","modified_gmt":"2026-03-11T03:13:38","slug":"cecilia-patron-impulsa-el-exito-de-emprendedoras-con-el-encuentro-las-mujeres-facturan","status":"publish","type":"post","link":"https:\/\/formalprision.com\/?p=138972","title":{"rendered":"Cecilia Patr\u00f3n impulsa el \u00e9xito de emprendedoras con el encuentro Las Mujeres Facturan"},"content":{"rendered":"\n<p>M\u00c9RIDA, Yucat\u00e1n.-&nbsp;Con el objetivo de fortalecer los negocios de mujeres emprendedoras y brindarles herramientas para impulsar sus proyectos, el Ayuntamiento de M\u00e9rida, que encabeza la presidenta municipal Cecilia Patr\u00f3n Laviada, organiz\u00f3 el encuentro \u201cLas Mujeres Facturan\u201d.<\/p>\n\n\n\n<p>Alrededor de 80 mujeres emprendedoras, beneficiarias de los programas Mercadito M\u00e9rida, Centros Aprende y del Cr\u00e9dito De Mujer a Mujer, se reunieron en esta jornada de capacitaci\u00f3n y motivaci\u00f3n para potenciar sus habilidades y hacer crecer sus negocios.<\/p>\n\n\n\n<p>En el marco de las actividades por el D\u00eda Internacional de la Mujer, Reyna Delfina Cruz, secretaria de Desarrollo Profesional del Colegio de Contadores P\u00fablicos de Yucat\u00e1n, imparti\u00f3 la ponencia \u201cContabilidad para no contadoras\u201d, compartiendo herramientas pr\u00e1cticas para que las emprendedoras puedan gestionar sus finanzas de manera efectiva, controlar ingresos y gastos, y tomar decisiones informadas para impulsar el crecimiento de sus negocios.<\/p>\n\n\n\n<p>Tambi\u00e9n, se cont\u00f3 con la participaci\u00f3n de la empresaria Sagrario del Jes\u00fas Chan Garc\u00eda, directora general de Metales Molina del Sureste, quien comparti\u00f3 su experiencia de vida y motiv\u00f3 a las asistentes a seguir apostando por sus proyectos.<\/p>\n\n\n\n<p>Arturo Le\u00f3n Itz\u00e1, director de Desarrollo Social y Combate a la Pobreza, destac\u00f3 que el Ayuntamiento impulsa acciones que permitan abrir m\u00e1s oportunidades para quienes desean salir adelante a trav\u00e9s de su propio trabajo.<\/p>\n\n\n\n<p>\u201cEn M\u00e9rida queremos que las mujeres tengan m\u00e1s herramientas para fortalecer sus negocios. Cuando una mujer aprende a administrar mejor su emprendimiento, tambi\u00e9n mejora la econom\u00eda de su hogar\u201d, expres\u00f3.<\/p>\n\n\n\n<p>Se\u00f1al\u00f3 que desde el Ayuntamiento se trabaja para que los programas lleguen a quienes m\u00e1s los necesitan y se conviertan en una oportunidad real para mejorar la calidad de vida de las familias.<\/p>\n\n\n\n<p>\u201cPor instrucci\u00f3n de la alcaldesa Cecilia Patr\u00f3n estamos acercando capacitaci\u00f3n, cr\u00e9ditos y espacios para vender productos, porque sabemos que muchas mujeres quieren emprender y salir adelante, y lo que necesitan son oportunidades\u201d, agreg\u00f3.<\/p>\n\n\n\n<p>Asimismo subray\u00f3 que estas acciones buscan que cada vez m\u00e1s mujeres puedan consolidar sus proyectos. \u201cLo que queremos es que ninguna mujer se quede atr\u00e1s por falta de informaci\u00f3n o de apoyo. Cuando ellas fortalecen sus negocios, tambi\u00e9n se fortalece su familia y su comunidad\u201d, puntualiz\u00f3 Le\u00f3n Itz\u00e1.<\/p>\n\n\n\n<p>A trav\u00e9s de programas como Centros Aprende, Mercadito M\u00e9rida y el Cr\u00e9dito De Mujer a Mujer, el Ayuntamiento de M\u00e9rida contin\u00faa impulsando acciones que generan m\u00e1s oportunidades para las mujeres, fortaleciendo la econom\u00eda de las familias y apoyando a quienes trabajan todos los d\u00edas para sacar adelante sus proyectos.<\/p>\n\n\n\n<p>Para mayores informes sobre los programas sociales, la ciudadan\u00eda puede acudir a las ventanillas de la Direcci\u00f3n de Desarrollo Social y Combate a la Pobreza, ubicadas en C. 65 No. 368 Int. por 40 y 42, Col. Centro, o comunicarse a los tel\u00e9fonos (999) 924 6900 y (999) 924 6962, ext. 81750, de lunes a viernes de 8:00 a.m. a 3:00 p.m.<\/p>\n","protected":false},"excerpt":{"rendered":"<p>M\u00c9RIDA, Yucat\u00e1n.-&nbsp;Con el objetivo de fortalecer los negocios de mujeres emprendedoras y brindarles herramientas para impulsar sus proyectos, el Ayuntamiento de M\u00e9rida, que encabeza la presidenta municipal Cecilia Patr\u00f3n Laviada,<\/p>\n","protected":false},"author":2,"featured_media":138974,"comment_status":"open","ping_status":"open","sticky":false,"template":"","format":"standard","meta":{"jetpack_post_was_ever_published":false,"_jetpack_newsletter_access":"","_jetpack_dont_email_post_to_subs":false,"_jetpack_newsletter_tier_id":0,"_jetpack_memberships_contains_paywalled_content":false,"_jetpack_memberships_contains_paid_content":false,"footnotes":"","jetpack_publicize_message":"","jetpack_publicize_feature_enabled":true,"jetpack_social_post_already_shared":true,"jetpack_social_options":{"image_generator_settings":{"template":"highway","default_image_id":0,"font":"","enabled":false},"version":2}},"categories":[14],"tags":[],"class_list":["post-138972","post","type-post","status-publish","format-standard","has-post-thumbnail","hentry","category-merida"],"jetpack_publicize_connections":[],"jetpack_featured_media_url":"https:\/\/formalprision.com\/wp-content\/uploads\/2026\/03\/WhatsApp-Image-2026-03-10-at-3.14.21-PM.jpeg","jetpack_sharing_enabled":true,"jetpack_shortlink":"https:\/\/wp.me\/p6id8p-A9u","_links":{"self":[{"href":"https:\/\/formalprision.com\/index.php?rest_route=\/wp\/v2\/posts\/138972","targetHints":{"allow":["GET"]}}],"collection":[{"href":"https:\/\/formalprision.com\/index.php?rest_route=\/wp\/v2\/posts"}],"about":[{"href":"https:\/\/formalprision.com\/index.php?rest_route=\/wp\/v2\/types\/post"}],"author":[{"embeddable":true,"href":"https:\/\/formalprision.com\/index.php?rest_route=\/wp\/v2\/users\/2"}],"replies":[{"embeddable":true,"href":"https:\/\/formalprision.com\/index.php?rest_route=%2Fwp%2Fv2%2Fcomments&post=138972"}],"version-history":[{"count":1,"href":"https:\/\/formalprision.com\/index.php?rest_route=\/wp\/v2\/posts\/138972\/revisions"}],"predecessor-version":[{"id":138973,"href":"https:\/\/formalprision.com\/index.php?rest_route=\/wp\/v2\/posts\/138972\/revisions\/138973"}],"wp:featuredmedia":[{"embeddable":true,"href":"https:\/\/formalprision.com\/index.php?rest_route=\/wp\/v2\/media\/138974"}],"wp:attachment":[{"href":"https:\/\/formalprision.com\/index.php?rest_route=%2Fwp%2Fv2%2Fmedia&parent=138972"}],"wp:term":[{"taxonomy":"category","embeddable":true,"href":"https:\/\/formalprision.com\/index.php?rest_route=%2Fwp%2Fv2%2Fcategories&post=138972"},{"taxonomy":"post_tag","embeddable":true,"href":"https:\/\/formalprision.com\/index.php?rest_route=%2Fwp%2Fv2%2Ftags&post=138972"}],"curies":[{"name":"wp","href":"https:\/\/api.w.org\/{rel}","templated":true}]}}