{"id":139004,"date":"2026-03-11T20:08:39","date_gmt":"2026-03-12T01:08:39","guid":{"rendered":"https:\/\/formalprision.com\/?p=139004"},"modified":"2026-03-11T20:08:39","modified_gmt":"2026-03-12T01:08:39","slug":"el-ayuntamiento-de-merida-se-suma-a-la-filey-2026-con-mas-de-50-actividades-de-fomento-a-la-lectura","status":"publish","type":"post","link":"https:\/\/formalprision.com\/?p=139004","title":{"rendered":"El Ayuntamiento de M\u00e9rida se suma a la FILEY 2026 con m\u00e1s de 50 actividades de fomento a la lectura"},"content":{"rendered":"\n<p>M\u00c9RIDA, Yucat\u00e1n.- Con un paquete de m\u00e1s de 50 actividades, entre presentaciones de libros, conversatorios, conciertos, talleres en lengua maya y exposiciones de arte, el Ayuntamiento de M\u00e9rida se suma a la gran fiesta de las letras de la Feria Internacional de la Lectura Yucat\u00e1n (FILEY).<\/p>\n\n\n\n<p>De esta manera el Ayuntamiento que encabeza Cecilia Patr\u00f3n Laviada reafirma su compromiso de acercar la lectura a todos con experiencias enriquecedoras a trav\u00e9s de la cultura y las artes.<\/p>\n\n\n\n<p>Del 14 al 22 de marzo, en el stand 128 en el Sal\u00f3n Chich\u00e9n Itz\u00e1 Centro de Convenciones Yucat\u00e1n Siglo XXI, se ofrecer\u00e1n 170 t\u00edtulos de obras ganadoras del Fondo Editorial, las cuales abarcan gran variedad de g\u00e9neros, desde el cuento, cr\u00f3nica, ensayo, periodismo cultural y dramaturgia.<\/p>\n\n\n\n<p>Entre las novedades para esta edici\u00f3n de la feria figuran la presentaci\u00f3n en voz de sus autoras y autores de los libros \u201cDos obras de teatro en casa\u201d de Xhail Espadas; \u201cRosa Torres Gonz\u00e1lez, paisajes de su biograf\u00eda\u201d de Jos\u00e9 Antonio Escalante; \u201cJeremiadas\u201d de Ger Allende; \u201cSue\u00f1os y apariciones\u201d de Samia Farah y \u201cManual de Desaparici\u00f3n\u201d de V\u00edctor Fern\u00e1ndez.&nbsp;<\/p>\n\n\n\n<p>Este a\u00f1o la oferta en la FILEY abarca tambi\u00e9n las artes visuales, de ah\u00ed que tres nuevas exposiciones comenzar\u00e1n su itinerancia en el Museo de la Ciudad de M\u00e9rida a partir del jueves 19 de marzo. Se trata de \u201cIzamal. El rostro oculto. Jos\u00e9 Pool \u201cMashka\u201d (xilofraf\u00edas), en colaboraci\u00f3n con el CAHAD; \u201cLas cuatro estaciones de Calafia\u201d de Rosa Beltr\u00e1n Pedr\u00edn (fotograf\u00edas), en colaboraci\u00f3n con la Facultad de Artes de Mexicali, Universidad Aut\u00f3noma de Baja California; y \u201cPrimer fuego. Muestra de cer\u00e1mica de \u201cLa Arrocera\u201d Campeche\u201d, en colaboraci\u00f3n con el Instituto de Cultura y Artes de Campeche.<\/p>\n\n\n\n<p>La m\u00fasica cobrar\u00e1 presencia el domingo 15 de marzo con los conciertos \u201cSonidos de M\u00e9xico: Un viaje musical por sus regiones\u201d con la Orquesta Infantil y Juvenil del Ayuntamiento de M\u00e9rida bajo la direcci\u00f3n del maestro David Silva Monje, y \u201cAnime Sinf\u00f3nico. De la pantalla al escenario\u201d, con la Orquesta de C\u00e1mara que dirige el Mtro. Russell Monta\u00f1ez Coronado, acompa\u00f1ada del Coro Juvenil del Centro Municipal de M\u00fasica, el grupo de rock Whiplash y artistas invitados de la Universidad An\u00e1huac Mayab.<\/p>\n\n\n\n<p>En el mismo m\u00f3dulo se ofrecer\u00e1n actividades para poner en pr\u00e1ctica la creatividad, divertirse con la ciencia, as\u00ed como los talleres en lengua maya \u201cBix a wanil\u201d (Ruleta de las emociones), \u201cBoonilo\u2019ob (Arma tu panal de colores) y uno dirigido al p\u00fablico juvenil de intervenci\u00f3n fotogr\u00e1fica, retratos de nuestras escritoras, organizado por Vor\u00e1gine Colectiva.&nbsp;<\/p>\n\n\n\n<p>Tambi\u00e9n est\u00e1n consideradas las mesas \u201cDiversidad en di\u00e1logo. Avances y retos de la diversidad sexual\u201d y \u201cVoces en investigaci\u00f3n: Aproximaciones estudiantiles a las realidades LGBTI+\u201d, organizadas por la Direcci\u00f3n de Desarrollo Social y Combate a la Pobreza y Frente de Diversidad&nbsp; de la UADY, as\u00ed como la Lectura creativa de obra reciente de la Red Literaria del Sureste. Asimismo ser\u00e1 sede de seis mesas panel del Festival de Periodismo del Caribe que se realiza en el marco de la FILEY.<\/p>\n\n\n\n<p>En el stand del Ayuntamiento tambi\u00e9n estar\u00e1n como invitados autores cubanos en la lectura de la obra \u201cPoetas a galope\u201d y la escritora mexicana Erika Zepeda, esta \u00faltima quien compartir\u00e1 sus experiencias literarias en el programa \u201cVoz Viva\u201d.<\/p>\n\n\n\n<p>El precio de los libros del Fondo Editorial oscila entre los $30 y $500 pesos. El stand podr\u00e1 visitarse de 10 de la ma\u00f1ana a 9 de la noche.<\/p>\n\n\n\n<p>En el sitio https:\/\/www.merida.gob.mx\/capitalcultural\/ puede consultarse el programa de actividades.<\/p>\n","protected":false},"excerpt":{"rendered":"<p>M\u00c9RIDA, Yucat\u00e1n.- Con un paquete de m\u00e1s de 50 actividades, entre presentaciones de libros, conversatorios, conciertos, talleres en lengua maya y exposiciones de arte, el Ayuntamiento de M\u00e9rida se suma<\/p>\n","protected":false},"author":2,"featured_media":139006,"comment_status":"open","ping_status":"open","sticky":false,"template":"","format":"standard","meta":{"jetpack_post_was_ever_published":false,"_jetpack_newsletter_access":"","_jetpack_dont_email_post_to_subs":false,"_jetpack_newsletter_tier_id":0,"_jetpack_memberships_contains_paywalled_content":false,"_jetpack_memberships_contains_paid_content":false,"footnotes":"","jetpack_publicize_message":"","jetpack_publicize_feature_enabled":true,"jetpack_social_post_already_shared":true,"jetpack_social_options":{"image_generator_settings":{"template":"highway","default_image_id":0,"font":"","enabled":false},"version":2}},"categories":[14],"tags":[],"class_list":["post-139004","post","type-post","status-publish","format-standard","has-post-thumbnail","hentry","category-merida"],"jetpack_publicize_connections":[],"jetpack_featured_media_url":"https:\/\/formalprision.com\/wp-content\/uploads\/2026\/03\/WhatsApp-Image-2026-03-11-at-6.05.45-PM.jpeg","jetpack_sharing_enabled":true,"jetpack_shortlink":"https:\/\/wp.me\/p6id8p-Aa0","_links":{"self":[{"href":"https:\/\/formalprision.com\/index.php?rest_route=\/wp\/v2\/posts\/139004","targetHints":{"allow":["GET"]}}],"collection":[{"href":"https:\/\/formalprision.com\/index.php?rest_route=\/wp\/v2\/posts"}],"about":[{"href":"https:\/\/formalprision.com\/index.php?rest_route=\/wp\/v2\/types\/post"}],"author":[{"embeddable":true,"href":"https:\/\/formalprision.com\/index.php?rest_route=\/wp\/v2\/users\/2"}],"replies":[{"embeddable":true,"href":"https:\/\/formalprision.com\/index.php?rest_route=%2Fwp%2Fv2%2Fcomments&post=139004"}],"version-history":[{"count":1,"href":"https:\/\/formalprision.com\/index.php?rest_route=\/wp\/v2\/posts\/139004\/revisions"}],"predecessor-version":[{"id":139005,"href":"https:\/\/formalprision.com\/index.php?rest_route=\/wp\/v2\/posts\/139004\/revisions\/139005"}],"wp:featuredmedia":[{"embeddable":true,"href":"https:\/\/formalprision.com\/index.php?rest_route=\/wp\/v2\/media\/139006"}],"wp:attachment":[{"href":"https:\/\/formalprision.com\/index.php?rest_route=%2Fwp%2Fv2%2Fmedia&parent=139004"}],"wp:term":[{"taxonomy":"category","embeddable":true,"href":"https:\/\/formalprision.com\/index.php?rest_route=%2Fwp%2Fv2%2Fcategories&post=139004"},{"taxonomy":"post_tag","embeddable":true,"href":"https:\/\/formalprision.com\/index.php?rest_route=%2Fwp%2Fv2%2Ftags&post=139004"}],"curies":[{"name":"wp","href":"https:\/\/api.w.org\/{rel}","templated":true}]}}