{"id":139016,"date":"2026-03-11T22:56:23","date_gmt":"2026-03-12T03:56:23","guid":{"rendered":"https:\/\/formalprision.com\/?p=139016"},"modified":"2026-03-13T00:25:42","modified_gmt":"2026-03-13T05:25:42","slug":"batean-la-reforma-electoral-morena-no-logra-la-mayoria-calificada","status":"publish","type":"post","link":"https:\/\/formalprision.com\/?p=139016","title":{"rendered":"Batean la reforma electoral: Morena no logra la mayor\u00eda calificada"},"content":{"rendered":"\n<p>CIUDAD DE M\u00c9XICO.- La C\u00e1mara de Diputados de M\u00e9xico bate\u00f3 la iniciativa de reforma electoral impulsada por la presidenta Claudia Sheinbaum, al no alcanzar la mayor\u00eda calificada necesaria para modificar la Constituci\u00f3n.<\/p>\n\n\n\n<p>Durante la sesi\u00f3n en el pleno, la propuesta obtuvo 259 votos a favor, 234 en contra y una abstenci\u00f3n, lejos de los 334 votos requeridos para aprobar cambios constitucionales. La iniciativa fue respaldada \u00fanicamente por legisladores de Morena, mientras que la oposici\u00f3n y partidos que forman parte del bloque oficialista votaron en contra.<\/p>\n\n\n\n<p>Entre los partidos que rechazaron el proyecto se encuentran el Partido del Trabajo y el Partido Verde Ecologista de M\u00e9xico, aliados del oficialismo, as\u00ed como las bancadas de oposici\u00f3n, lo que termin\u00f3 por impedir que la propuesta prosperara en el Congreso.<\/p>\n\n\n\n<p>Tras la votaci\u00f3n, el coordinador de Morena en San L\u00e1zaro, Ricardo Monreal, adelant\u00f3 que su bancada comenzar\u00e1 a trabajar en un \u201cPlan B\u201d, con el objetivo de impulsar algunos de los cambios planteados en la reforma mediante otras v\u00edas legislativas.<\/p>\n\n\n\n<p>La reforma electoral planteada por el Ejecutivo buscaba modificar diversos aspectos del sistema pol\u00edtico, entre ellos reducir el financiamiento p\u00fablico a los partidos pol\u00edticos y cambiar las reglas de asignaci\u00f3n de legisladores de representaci\u00f3n proporcional, propuestas que generaron resistencia tanto en la oposici\u00f3n como entre algunos aliados del gobierno.<\/p>\n\n\n\n<p>Con este resultado, la iniciativa se convierte en el primer rev\u00e9s legislativo importante del gobierno de Sheinbaum, al evidenciar divisiones dentro del bloque que normalmente respalda las reformas impulsadas por el oficialismo.<\/p>\n","protected":false},"excerpt":{"rendered":"<p>CIUDAD DE M\u00c9XICO.- La C\u00e1mara de Diputados de M\u00e9xico bate\u00f3 la iniciativa de reforma electoral impulsada por la presidenta Claudia Sheinbaum, al no alcanzar la mayor\u00eda calificada necesaria para modificar<\/p>\n","protected":false},"author":2,"featured_media":139018,"comment_status":"open","ping_status":"open","sticky":false,"template":"","format":"standard","meta":{"jetpack_post_was_ever_published":false,"_jetpack_newsletter_access":"","_jetpack_dont_email_post_to_subs":false,"_jetpack_newsletter_tier_id":0,"_jetpack_memberships_contains_paywalled_content":false,"_jetpack_memberships_contains_paid_content":false,"footnotes":"","jetpack_publicize_message":"","jetpack_publicize_feature_enabled":true,"jetpack_social_post_already_shared":true,"jetpack_social_options":{"image_generator_settings":{"template":"highway","default_image_id":0,"font":"","enabled":false},"version":2}},"categories":[23],"tags":[],"class_list":["post-139016","post","type-post","status-publish","format-standard","has-post-thumbnail","hentry","category-del-mundo"],"jetpack_publicize_connections":[],"jetpack_featured_media_url":"https:\/\/formalprision.com\/wp-content\/uploads\/2026\/03\/reforma.jpg","jetpack_sharing_enabled":true,"jetpack_shortlink":"https:\/\/wp.me\/p6id8p-Aac","_links":{"self":[{"href":"https:\/\/formalprision.com\/index.php?rest_route=\/wp\/v2\/posts\/139016","targetHints":{"allow":["GET"]}}],"collection":[{"href":"https:\/\/formalprision.com\/index.php?rest_route=\/wp\/v2\/posts"}],"about":[{"href":"https:\/\/formalprision.com\/index.php?rest_route=\/wp\/v2\/types\/post"}],"author":[{"embeddable":true,"href":"https:\/\/formalprision.com\/index.php?rest_route=\/wp\/v2\/users\/2"}],"replies":[{"embeddable":true,"href":"https:\/\/formalprision.com\/index.php?rest_route=%2Fwp%2Fv2%2Fcomments&post=139016"}],"version-history":[{"count":1,"href":"https:\/\/formalprision.com\/index.php?rest_route=\/wp\/v2\/posts\/139016\/revisions"}],"predecessor-version":[{"id":139017,"href":"https:\/\/formalprision.com\/index.php?rest_route=\/wp\/v2\/posts\/139016\/revisions\/139017"}],"wp:featuredmedia":[{"embeddable":true,"href":"https:\/\/formalprision.com\/index.php?rest_route=\/wp\/v2\/media\/139018"}],"wp:attachment":[{"href":"https:\/\/formalprision.com\/index.php?rest_route=%2Fwp%2Fv2%2Fmedia&parent=139016"}],"wp:term":[{"taxonomy":"category","embeddable":true,"href":"https:\/\/formalprision.com\/index.php?rest_route=%2Fwp%2Fv2%2Fcategories&post=139016"},{"taxonomy":"post_tag","embeddable":true,"href":"https:\/\/formalprision.com\/index.php?rest_route=%2Fwp%2Fv2%2Ftags&post=139016"}],"curies":[{"name":"wp","href":"https:\/\/api.w.org\/{rel}","templated":true}]}}