{"id":139019,"date":"2026-03-11T23:21:50","date_gmt":"2026-03-12T04:21:50","guid":{"rendered":"https:\/\/formalprision.com\/?p=139019"},"modified":"2026-03-13T00:25:28","modified_gmt":"2026-03-13T05:25:28","slug":"le-explota-el-celular-y-cae-de-las-escaleras-del-metro","status":"publish","type":"post","link":"https:\/\/formalprision.com\/?p=139019","title":{"rendered":"Le explota el celular y cae de las escaleras del Metro"},"content":{"rendered":"\n<p>CIUDAD DE M\u00c9XICO (apro).- Un hombre de entre 40 y 45 a\u00f1os falleci\u00f3 tras caer desde la parte alta de la estaci\u00f3n Camarones de la L\u00ednea 7 del Sistema de Transporte Colectivo (STC) Metro, en direcci\u00f3n a El Rosario.<\/p>\n\n\n\n<p>El Metro inform\u00f3 en una tarjeta informativa que solicitaron servicios de emergencia y periciales y se dio aviso al Ministerio P\u00fablico para que realizara la investigaci\u00f3n correspondiente.<\/p>\n\n\n\n<p>\u201cLa administraci\u00f3n del organismo indic\u00f3 a todas las \u00e1reas operativas y t\u00e9cnicas coadyuvar sin restricciones en la investigaci\u00f3n\u201d, detall\u00f3 el organismo.<\/p>\n\n\n\n<p>De acuerdo con reportes period\u00edsticos, la v\u00edctima era un hombre de entre 40 y 45 a\u00f1os de edad que habr\u00eda ca\u00eddo desde una altura cercana a los 20 metros dentro de la estaci\u00f3n.<\/p>\n\n\n\n<p>Tras el accidente, personal del Sistema de Transporte Colectivo (STC) Metro y elementos de la Polic\u00eda Auxiliar acudieron para brindarle auxilio y lo trasladaron al cub\u00edculo del jefe de estaci\u00f3n mientras solicitaban servicios de emergencia.<\/p>\n\n\n\n<p>Ah\u00ed fue valorado por param\u00e9dicos de la Cruz Roja, quienes confirmaron que ya no presentaba signos vitales. Los reportes indican que el fallecimiento se habr\u00eda producido a causa de un traumatismo craneoencef\u00e1lico derivado del impacto.<\/p>\n\n\n\n<p>Personas que se encontraban en la estaci\u00f3n se\u00f1alaron que, instantes antes de la ca\u00edda, el tel\u00e9fono celular que portaba el hombre explot\u00f3, lo que habr\u00eda provocado que perdiera el equilibrio y se precipitara desde el \u00e1rea del lobby hacia el cubo de las escaleras que conectan con el and\u00e9n.<\/p>\n","protected":false},"excerpt":{"rendered":"<p>CIUDAD DE M\u00c9XICO (apro).- Un hombre de entre 40 y 45 a\u00f1os falleci\u00f3 tras caer desde la parte alta de la estaci\u00f3n Camarones de la L\u00ednea 7 del Sistema de<\/p>\n","protected":false},"author":2,"featured_media":139021,"comment_status":"open","ping_status":"open","sticky":false,"template":"","format":"standard","meta":{"jetpack_post_was_ever_published":false,"_jetpack_newsletter_access":"","_jetpack_dont_email_post_to_subs":false,"_jetpack_newsletter_tier_id":0,"_jetpack_memberships_contains_paywalled_content":false,"_jetpack_memberships_contains_paid_content":false,"footnotes":"","jetpack_publicize_message":"","jetpack_publicize_feature_enabled":true,"jetpack_social_post_already_shared":true,"jetpack_social_options":{"image_generator_settings":{"template":"highway","default_image_id":0,"font":"","enabled":false},"version":2}},"categories":[23],"tags":[],"class_list":["post-139019","post","type-post","status-publish","format-standard","has-post-thumbnail","hentry","category-del-mundo"],"jetpack_publicize_connections":[],"jetpack_featured_media_url":"https:\/\/formalprision.com\/wp-content\/uploads\/2026\/03\/cama.jpg","jetpack_sharing_enabled":true,"jetpack_shortlink":"https:\/\/wp.me\/p6id8p-Aaf","_links":{"self":[{"href":"https:\/\/formalprision.com\/index.php?rest_route=\/wp\/v2\/posts\/139019","targetHints":{"allow":["GET"]}}],"collection":[{"href":"https:\/\/formalprision.com\/index.php?rest_route=\/wp\/v2\/posts"}],"about":[{"href":"https:\/\/formalprision.com\/index.php?rest_route=\/wp\/v2\/types\/post"}],"author":[{"embeddable":true,"href":"https:\/\/formalprision.com\/index.php?rest_route=\/wp\/v2\/users\/2"}],"replies":[{"embeddable":true,"href":"https:\/\/formalprision.com\/index.php?rest_route=%2Fwp%2Fv2%2Fcomments&post=139019"}],"version-history":[{"count":1,"href":"https:\/\/formalprision.com\/index.php?rest_route=\/wp\/v2\/posts\/139019\/revisions"}],"predecessor-version":[{"id":139020,"href":"https:\/\/formalprision.com\/index.php?rest_route=\/wp\/v2\/posts\/139019\/revisions\/139020"}],"wp:featuredmedia":[{"embeddable":true,"href":"https:\/\/formalprision.com\/index.php?rest_route=\/wp\/v2\/media\/139021"}],"wp:attachment":[{"href":"https:\/\/formalprision.com\/index.php?rest_route=%2Fwp%2Fv2%2Fmedia&parent=139019"}],"wp:term":[{"taxonomy":"category","embeddable":true,"href":"https:\/\/formalprision.com\/index.php?rest_route=%2Fwp%2Fv2%2Fcategories&post=139019"},{"taxonomy":"post_tag","embeddable":true,"href":"https:\/\/formalprision.com\/index.php?rest_route=%2Fwp%2Fv2%2Ftags&post=139019"}],"curies":[{"name":"wp","href":"https:\/\/api.w.org\/{rel}","templated":true}]}}