{"id":139022,"date":"2026-03-12T16:44:37","date_gmt":"2026-03-12T21:44:37","guid":{"rendered":"https:\/\/formalprision.com\/?p=139022"},"modified":"2026-03-13T22:13:24","modified_gmt":"2026-03-14T03:13:24","slug":"incrementa-cecilia-patron-la-infraestructura-para-el-manejo-de-residuos-y-cuidado-del-medio-ambiente","status":"publish","type":"post","link":"https:\/\/formalprision.com\/?p=139022","title":{"rendered":"Incrementa Cecilia Patr\u00f3n la infraestructura para el manejo de residuos y cuidado del medio ambiente"},"content":{"rendered":"\n<p>M\u00c9RIDA, Yucat\u00e1n.- Como parte de las acciones para mejorar la gesti\u00f3n de residuos y cuidar el medio ambiente, la presidenta municipal de M\u00e9rida, Cecilia Patr\u00f3n Laviada, inaugur\u00f3 una segunda b\u00e1scula en el relleno sanitario, que permitir\u00e1 aumentar la capacidad de recepci\u00f3n y procesamiento de desechos, lo que se traduce en un mejor servicio para la ciudadan\u00eda.<\/p>\n\n\n\n<p>Con esta acci\u00f3n, el Ayuntamiento de M\u00e9rida reafirma su compromiso con el orden y la limpieza de la ciudad, y busca dar respuesta a las necesidades de la poblaci\u00f3n en materia de manejo de residuos.<\/p>\n\n\n\n<p>\u201cSomos un gobierno de buenas pr\u00e1cticas y este a\u00f1o 2026 estamos ordenando la ciudad desde la gesti\u00f3n de los residuos, por una M\u00e9rida m\u00e1s verde, m\u00e1s limpia y con mejor calidad de vida para todas y para todos. Con esta nueva b\u00e1scula, que adem\u00e1s era un compromiso, cumplimos hoy con el manejo adecuado de los residuos, con el medio ambiente y con la salud p\u00fablica\u201d, coment\u00f3 la alcaldesa.<\/p>\n\n\n\n<p>Destac\u00f3 que, con la puesta en marcha de la segunda b\u00e1scula, el relleno sanitario de M\u00e9rida cuenta con una herramienta m\u00e1s para atender y dar seguimiento a la integraci\u00f3n de todos los elementos que componen el sistema integral de residuos municipales.<\/p>\n\n\n\n<p>Asimismo resalt\u00f3 que esta acci\u00f3n refuerza la capacidad del relleno sanitario para operar de manera \u00f3ptima durante la temporada de lluvias, evitando problemas de acumulaci\u00f3n de agua y posibles afectaciones al medio ambiente.<\/p>\n\n\n\n<p>A ello se suma el uso de equipos y componentes especializados que garantizan que el relleno opere de manera funcional y \u00f3ptima. Con lo que tambi\u00e9n permite alargar la vida \u00fatil del relleno sanitario, retrasando la necesidad de tener que utilizar otros espacios.<\/p>\n\n\n\n<p>\u201cEsto permitir\u00e1 una gesti\u00f3n m\u00e1s eficiente y efectiva de los desechos, lo que se traduce en un mejor servicio para la ciudadan\u00eda. Con la segunda b\u00e1scula, se garantiza el recubrimiento adecuado de los residuos, lo que reduce la generaci\u00f3n de malos olores, fauna nociva y controla los lixiviados, manteniendo el relleno en \u00f3ptimas condiciones de operaci\u00f3n\u201d, subray\u00f3.<\/p>\n\n\n\n<p>La mun\u00edcipe reconoci\u00f3 este esfuerzo realizado en conjunto con Red Ambiental, lo que mejora este espacio de gesti\u00f3n de residuos s\u00f3lidos, clave para la salud de las familias meridanas y para el compromiso con el cuidado del medio ambiente del municipio, as\u00ed como de sus recursos naturales como el agua, aire y suelo.<\/p>\n\n\n\n<p>Por su parte Horacio Guerra Marroqu\u00edn, CEO de Red Ambiental, extern\u00f3 que a poco m\u00e1s de un a\u00f1o de asumir la responsabilidad para ordenar la operaci\u00f3n y mejorar el servicio, el sitio ya cumple al 100 por ciento con la norma 083 de Semarnat y se convierte en un Centro Integral de Procesamiento de Residuos CIPRES gracias a la inversi\u00f3n, trabajo en equipo y compromiso.<\/p>\n\n\n\n<p>De hecho, hoy es el \u00fanico sitio de disposici\u00f3n final de esa categor\u00eda en todo el estado de Yucat\u00e1n y que cumple con la norma 083.<\/p>\n\n\n\n<p>Es muy importante, dijo, porque en muchas ciudades del pa\u00eds todav\u00eda existen muchos tiraderos a cielo abierto o rellenos que no cumplen la norma. Cuando eso ocurre, las consecuencias pueden ser serias, entre ellas la contaminaci\u00f3n a los mantos acu\u00edferos y las emisiones a la atm\u00f3sfera. M\u00e9rida hoy ya no est\u00e1 en esa situaci\u00f3n.<\/p>\n\n\n\n<p>\u201cM\u00e9rida es un ejemplo de c\u00f3mo con inversi\u00f3n, trabajo y compromiso se puede operar un sitio de disposici\u00f3n final de manera responsable. Y esto se logra con la disposici\u00f3n de la gente que todos los d\u00edas hace posible esta operaci\u00f3n\u201d, expres\u00f3 Guerra Marroqu\u00edn.<\/p>\n\n\n\n<p>La NOM-083-SEMARNAT-2003 es la norma mexicana oficial que establece los requisitos t\u00e9cnicos para la selecci\u00f3n del sitio, dise\u00f1o, construcci\u00f3n, operaci\u00f3n, monitoreo, clausura y obras complementarias de los sitios de disposici\u00f3n final de residuos s\u00f3lidos urbanos y de manejo especial, y que es obligatoria para entidades p\u00fablicas y privadas que gestionan sitios de disposici\u00f3n final (rellenos sanitarios).<\/p>\n\n\n\n<p>En 2025, la empresa Red Ambiental, encargada de la operaci\u00f3n del Relleno Sanitario, incorpor\u00f3 dos nuevas unidades de maquinaria pesada para mejorar el manejo y disposici\u00f3n de los residuos: una excavadora CAT 330 2025 y una retroexcavadora CAT 416 2025.<\/p>\n\n\n\n<p>Actualmente, cuentan con un total de 12 equipos, que incluyen compactadores, bulldozers, camiones y veh\u00edculos utilitarios, lo que les permite optimizar sus operaciones. La flota actual est\u00e1 compuesta por un compactador CAT 826K 2025, un bulldozer CAT D8 2025, un bulldozer Liugong 2024, dos camiones pipa, un cami\u00f3n de volteo, cuatro veh\u00edculos utilitarios, una compactadora CAT 826K, un bulldozer CAT D8, una excavadora CAT 330 y una retroexcavadora CAT 416.<\/p>\n\n\n\n<p>El Relleno Sanitario, inaugurado en 1997, es el destino final de gran parte de los residuos municipales, recibiendo actualmente entre 1 mil 100 y 1 mil 200 toneladas al d\u00eda, y cuenta con un tiempo de vida \u00fatil de 15 a\u00f1os m\u00e1s.<\/p>\n\n\n\n<p>A partir de diciembre de 2024, la empresa regiomontana Red Ambiental se hizo cargo de la operaci\u00f3n del relleno, tras adquirirlo de la empresa francesa Veolia.<\/p>\n\n\n\n<p>Estuvieron presentes durante la entrega y supervisi\u00f3n Carlos Vi\u00f1as Heredia, coordinador general de Desarrollo Ordenado y Gesti\u00f3n de la Ciudad; Ra\u00fal Arceo Alonzo, secretario t\u00e9cnico de Gesti\u00f3n Integral de Residuos Municipales; Francisco Gastelum Camacho, gerente ejecutivo de Red Ambiental; Jorge Estrada Elosua, director ejecutivo de Red Ambiental; Jorge Gonz\u00e1lez Rodr\u00edguez, director de SIGER; Eduardo Puente Rosales, gerente de Operaciones del Relleno Sanitario, as\u00ed como colaboradores del Ayuntamiento y de Red Ambiental.<\/p>\n","protected":false},"excerpt":{"rendered":"<p>M\u00c9RIDA, Yucat\u00e1n.- Como parte de las acciones para mejorar la gesti\u00f3n de residuos y cuidar el medio ambiente, la presidenta municipal de M\u00e9rida, Cecilia Patr\u00f3n Laviada, inaugur\u00f3 una segunda b\u00e1scula<\/p>\n","protected":false},"author":2,"featured_media":139024,"comment_status":"open","ping_status":"open","sticky":false,"template":"","format":"standard","meta":{"jetpack_post_was_ever_published":false,"_jetpack_newsletter_access":"","_jetpack_dont_email_post_to_subs":false,"_jetpack_newsletter_tier_id":0,"_jetpack_memberships_contains_paywalled_content":false,"_jetpack_memberships_contains_paid_content":false,"footnotes":"","jetpack_publicize_message":"","jetpack_publicize_feature_enabled":true,"jetpack_social_post_already_shared":true,"jetpack_social_options":{"image_generator_settings":{"template":"highway","default_image_id":0,"font":"","enabled":false},"version":2}},"categories":[54],"tags":[],"class_list":["post-139022","post","type-post","status-publish","format-standard","has-post-thumbnail","hentry","category-yucatan"],"jetpack_publicize_connections":[],"jetpack_featured_media_url":"https:\/\/formalprision.com\/wp-content\/uploads\/2026\/03\/WhatsApp-Image-2026-03-12-at-3.04.52-PM.jpeg","jetpack_sharing_enabled":true,"jetpack_shortlink":"https:\/\/wp.me\/p6id8p-Aai","_links":{"self":[{"href":"https:\/\/formalprision.com\/index.php?rest_route=\/wp\/v2\/posts\/139022","targetHints":{"allow":["GET"]}}],"collection":[{"href":"https:\/\/formalprision.com\/index.php?rest_route=\/wp\/v2\/posts"}],"about":[{"href":"https:\/\/formalprision.com\/index.php?rest_route=\/wp\/v2\/types\/post"}],"author":[{"embeddable":true,"href":"https:\/\/formalprision.com\/index.php?rest_route=\/wp\/v2\/users\/2"}],"replies":[{"embeddable":true,"href":"https:\/\/formalprision.com\/index.php?rest_route=%2Fwp%2Fv2%2Fcomments&post=139022"}],"version-history":[{"count":1,"href":"https:\/\/formalprision.com\/index.php?rest_route=\/wp\/v2\/posts\/139022\/revisions"}],"predecessor-version":[{"id":139023,"href":"https:\/\/formalprision.com\/index.php?rest_route=\/wp\/v2\/posts\/139022\/revisions\/139023"}],"wp:featuredmedia":[{"embeddable":true,"href":"https:\/\/formalprision.com\/index.php?rest_route=\/wp\/v2\/media\/139024"}],"wp:attachment":[{"href":"https:\/\/formalprision.com\/index.php?rest_route=%2Fwp%2Fv2%2Fmedia&parent=139022"}],"wp:term":[{"taxonomy":"category","embeddable":true,"href":"https:\/\/formalprision.com\/index.php?rest_route=%2Fwp%2Fv2%2Fcategories&post=139022"},{"taxonomy":"post_tag","embeddable":true,"href":"https:\/\/formalprision.com\/index.php?rest_route=%2Fwp%2Fv2%2Ftags&post=139022"}],"curies":[{"name":"wp","href":"https:\/\/api.w.org\/{rel}","templated":true}]}}