{"id":139025,"date":"2026-03-12T17:07:01","date_gmt":"2026-03-12T22:07:01","guid":{"rendered":"https:\/\/formalprision.com\/?p=139025"},"modified":"2026-03-12T19:38:15","modified_gmt":"2026-03-13T00:38:15","slug":"reserva-cuxtal-llevara-educacion-ambiental-a-la-filey","status":"publish","type":"post","link":"https:\/\/formalprision.com\/?p=139025","title":{"rendered":"Reserva Cuxtal llevar\u00e1 educaci\u00f3n ambiental a la FILEY"},"content":{"rendered":"\n<p>M\u00c9RIDA, Yucat\u00e1n.- Como parte de los esfuerzos del Ayuntamiento de M\u00e9rida para posicionar la protecci\u00f3n y conservaci\u00f3n del pulm\u00f3n verde de la ciudad, la Reserva Cuxtal se suma a la agenda de la FILEY 2026 \u201cPen\u00ednsulas Lectoras\u201d, con el objetivo de impartir talleres de sensibilizaci\u00f3n que permitan dar a conocer la importancia del agua, la fauna y el territorio.<\/p>\n\n\n\n<p>Durante los d\u00edas de actividades (del 14 al 22 de marzo), se instalar\u00e1 un stand de la Reserva Cuxtal en la zona de talleres (Sal\u00f3n Ek Balam del Centro de Convenciones Siglo XXI), donde se brindar\u00e1 atenci\u00f3n a las visitas escolares de los diferentes niveles educativos que asistan a la feria.<\/p>\n\n\n\n<p>Asimismo contar\u00e1 con la donaci\u00f3n de plantas forestales y una exhibici\u00f3n de plantas ornamentales para la recaudaci\u00f3n de fondos destinados a acciones de conservaci\u00f3n.<\/p>\n\n\n\n<p>A trav\u00e9s de din\u00e1micas participativas, materiales did\u00e1cticos y actividades l\u00fadicas, ni\u00f1as, ni\u00f1os y j\u00f3venes podr\u00e1n conocer la relevancia de su conservaci\u00f3n para el equilibrio ambiental de M\u00e9rida y de la regi\u00f3n.<\/p>\n\n\n\n<p>Estas acciones forman parte de la estrategia municipal para fortalecer la educaci\u00f3n ambiental y promover entre las nuevas generaciones una cultura de respeto y cuidado de los recursos naturales que provee la Reserva Cuxtal.<\/p>\n\n\n\n<p>M\u00e1s informaci\u00f3n sobre la labor de la reserva en reservacuxtal.com<\/p>\n","protected":false},"excerpt":{"rendered":"<p>M\u00c9RIDA, Yucat\u00e1n.- Como parte de los esfuerzos del Ayuntamiento de M\u00e9rida para posicionar la protecci\u00f3n y conservaci\u00f3n del pulm\u00f3n verde de la ciudad, la Reserva Cuxtal se suma a la<\/p>\n","protected":false},"author":2,"featured_media":139027,"comment_status":"open","ping_status":"open","sticky":false,"template":"","format":"standard","meta":{"jetpack_post_was_ever_published":false,"_jetpack_newsletter_access":"","_jetpack_dont_email_post_to_subs":false,"_jetpack_newsletter_tier_id":0,"_jetpack_memberships_contains_paywalled_content":false,"_jetpack_memberships_contains_paid_content":false,"footnotes":"","jetpack_publicize_message":"","jetpack_publicize_feature_enabled":true,"jetpack_social_post_already_shared":true,"jetpack_social_options":{"image_generator_settings":{"template":"highway","default_image_id":0,"font":"","enabled":false},"version":2}},"categories":[54],"tags":[],"class_list":["post-139025","post","type-post","status-publish","format-standard","has-post-thumbnail","hentry","category-yucatan"],"jetpack_publicize_connections":[],"jetpack_featured_media_url":"https:\/\/formalprision.com\/wp-content\/uploads\/2026\/03\/WhatsApp-Image-2026-03-12-at-3.35.51-PM.jpeg","jetpack_sharing_enabled":true,"jetpack_shortlink":"https:\/\/wp.me\/p6id8p-Aal","_links":{"self":[{"href":"https:\/\/formalprision.com\/index.php?rest_route=\/wp\/v2\/posts\/139025","targetHints":{"allow":["GET"]}}],"collection":[{"href":"https:\/\/formalprision.com\/index.php?rest_route=\/wp\/v2\/posts"}],"about":[{"href":"https:\/\/formalprision.com\/index.php?rest_route=\/wp\/v2\/types\/post"}],"author":[{"embeddable":true,"href":"https:\/\/formalprision.com\/index.php?rest_route=\/wp\/v2\/users\/2"}],"replies":[{"embeddable":true,"href":"https:\/\/formalprision.com\/index.php?rest_route=%2Fwp%2Fv2%2Fcomments&post=139025"}],"version-history":[{"count":1,"href":"https:\/\/formalprision.com\/index.php?rest_route=\/wp\/v2\/posts\/139025\/revisions"}],"predecessor-version":[{"id":139026,"href":"https:\/\/formalprision.com\/index.php?rest_route=\/wp\/v2\/posts\/139025\/revisions\/139026"}],"wp:featuredmedia":[{"embeddable":true,"href":"https:\/\/formalprision.com\/index.php?rest_route=\/wp\/v2\/media\/139027"}],"wp:attachment":[{"href":"https:\/\/formalprision.com\/index.php?rest_route=%2Fwp%2Fv2%2Fmedia&parent=139025"}],"wp:term":[{"taxonomy":"category","embeddable":true,"href":"https:\/\/formalprision.com\/index.php?rest_route=%2Fwp%2Fv2%2Fcategories&post=139025"},{"taxonomy":"post_tag","embeddable":true,"href":"https:\/\/formalprision.com\/index.php?rest_route=%2Fwp%2Fv2%2Ftags&post=139025"}],"curies":[{"name":"wp","href":"https:\/\/api.w.org\/{rel}","templated":true}]}}