{"id":139028,"date":"2026-03-12T19:34:47","date_gmt":"2026-03-13T00:34:47","guid":{"rendered":"https:\/\/formalprision.com\/?p=139028"},"modified":"2026-03-13T22:12:59","modified_gmt":"2026-03-14T03:12:59","slug":"inicia-en-yucatan-la-etapa-estatal-del-mundialito-escolar-2026","status":"publish","type":"post","link":"https:\/\/formalprision.com\/?p=139028","title":{"rendered":"Inicia\u00a0en\u00a0Yucat\u00e1n\u00a0la\u00a0etapa\u00a0estatal\u00a0del\u00a0Mundialito\u00a0Escolar 2026"},"content":{"rendered":"\n<p>M\u00e9rida, Yucat\u00e1n, a 12 de marzo de 2026.-El gobernador Joaqu\u00edn D\u00edaz Mena inaugur\u00f3 la etapa estatal de la Copa Nacional de Educaci\u00f3n B\u00e1sica Mundialito Escolar 2026, en la cual participar\u00e1n m\u00e1s de 500 ni\u00f1as, ni\u00f1os y j\u00f3venes de escuelas p\u00fablicas y privadas del estado para ganarse un lugar en la final nacional, que se realizar\u00e1 en mayo en el Estadio Universitario de la Ciudad de M\u00e9xico.<br>&nbsp;<br>Al dirigir su mensaje, el gobernador resalt\u00f3 la importancia de este d\u00eda, ya que las y los participantes se ganaron un lugar gracias a su disciplina y dedicaci\u00f3n para representar a sus escuelas en esta etapa estatal del Mundialito Escolar 2026, iniciativa impulsada por la Presidenta Claudia Sheinbaum Pardo, a quien tambi\u00e9n agradeci\u00f3 por su respaldo constante hacia Yucat\u00e1n y su gente.<br>&nbsp;<br>En esta etapa estatal, participan los equipos de las escuelas finalistas en las ramas varonil y femenil, es decir, 80 alumnas y 80 alumnos de primaria, as\u00ed como 40 estudiantes varoniles y femeniles de secundaria.<br>&nbsp;<br>Adem\u00e1s, a\u00f1adi\u00f3, en la etapa final participar\u00e1n estudiantes de los seis subsistemas de educaci\u00f3n media superior, quienes compiten en los segundos Juegos Deportivos de Preparatorias, sumando 192 j\u00f3venes, as\u00ed como 48 entrenadores y entrenadoras del Mundialito Escolar y 24 de nivel superior.<br>&nbsp;<\/p>\n","protected":false},"excerpt":{"rendered":"<p>M\u00e9rida, Yucat\u00e1n, a 12 de marzo de 2026.-El gobernador Joaqu\u00edn D\u00edaz Mena inaugur\u00f3 la etapa estatal de la Copa Nacional de Educaci\u00f3n B\u00e1sica Mundialito Escolar 2026, en la cual participar\u00e1n<\/p>\n","protected":false},"author":1,"featured_media":139029,"comment_status":"open","ping_status":"open","sticky":false,"template":"","format":"standard","meta":{"jetpack_post_was_ever_published":false,"_jetpack_newsletter_access":"","_jetpack_dont_email_post_to_subs":false,"_jetpack_newsletter_tier_id":0,"_jetpack_memberships_contains_paywalled_content":false,"_jetpack_memberships_contains_paid_content":false,"footnotes":"","jetpack_publicize_message":"","jetpack_publicize_feature_enabled":true,"jetpack_social_post_already_shared":true,"jetpack_social_options":{"image_generator_settings":{"template":"highway","default_image_id":0,"font":"","enabled":false},"version":2}},"categories":[14],"tags":[],"class_list":["post-139028","post","type-post","status-publish","format-standard","has-post-thumbnail","hentry","category-merida"],"jetpack_publicize_connections":[],"jetpack_featured_media_url":"https:\/\/formalprision.com\/wp-content\/uploads\/2026\/03\/IMG-20260312-WA0029.jpg","jetpack_sharing_enabled":true,"jetpack_shortlink":"https:\/\/wp.me\/p6id8p-Aao","_links":{"self":[{"href":"https:\/\/formalprision.com\/index.php?rest_route=\/wp\/v2\/posts\/139028","targetHints":{"allow":["GET"]}}],"collection":[{"href":"https:\/\/formalprision.com\/index.php?rest_route=\/wp\/v2\/posts"}],"about":[{"href":"https:\/\/formalprision.com\/index.php?rest_route=\/wp\/v2\/types\/post"}],"author":[{"embeddable":true,"href":"https:\/\/formalprision.com\/index.php?rest_route=\/wp\/v2\/users\/1"}],"replies":[{"embeddable":true,"href":"https:\/\/formalprision.com\/index.php?rest_route=%2Fwp%2Fv2%2Fcomments&post=139028"}],"version-history":[{"count":1,"href":"https:\/\/formalprision.com\/index.php?rest_route=\/wp\/v2\/posts\/139028\/revisions"}],"predecessor-version":[{"id":139030,"href":"https:\/\/formalprision.com\/index.php?rest_route=\/wp\/v2\/posts\/139028\/revisions\/139030"}],"wp:featuredmedia":[{"embeddable":true,"href":"https:\/\/formalprision.com\/index.php?rest_route=\/wp\/v2\/media\/139029"}],"wp:attachment":[{"href":"https:\/\/formalprision.com\/index.php?rest_route=%2Fwp%2Fv2%2Fmedia&parent=139028"}],"wp:term":[{"taxonomy":"category","embeddable":true,"href":"https:\/\/formalprision.com\/index.php?rest_route=%2Fwp%2Fv2%2Fcategories&post=139028"},{"taxonomy":"post_tag","embeddable":true,"href":"https:\/\/formalprision.com\/index.php?rest_route=%2Fwp%2Fv2%2Ftags&post=139028"}],"curies":[{"name":"wp","href":"https:\/\/api.w.org\/{rel}","templated":true}]}}