{"id":139035,"date":"2026-03-12T22:41:54","date_gmt":"2026-03-13T03:41:54","guid":{"rendered":"https:\/\/formalprision.com\/?p=139035"},"modified":"2026-03-13T22:12:25","modified_gmt":"2026-03-14T03:12:25","slug":"los-gremios-practicas-vivas-que-se-transforman-y-ajustan-a-los-tiempos-actuales-en-merida","status":"publish","type":"post","link":"https:\/\/formalprision.com\/?p=139035","title":{"rendered":"Los gremios, pr\u00e1cticas vivas que se transforman y ajustan a los tiempos actuales en M\u00e9rida"},"content":{"rendered":"\n<p>M\u00c9RIDA, Yucat\u00e1n.- M\u00e1s que pr\u00e1cticas colectivas que siguen vigentes, los gremios son ejemplo de solidaridad, respeto y amor por las ra\u00edces culturales, expusieron los participantes en el primer Coloquio \u201cPrometer, festejar y continuar. Gremios y Patrimonio\u201d, en el Centro Cultural Olimpo<\/p>\n\n\n\n<p>A la actividad, promovida por indicaciones de la presidenta municipal de M\u00e9rida, Cecilia Patr\u00f3n Laviada, asistieron investigadores, integrantes de diferentes gremios de la ciudad, cronistas y p\u00fablico en general interesado en conocer la riqueza hist\u00f3rica y aportaciones de estas pr\u00e1cticas colectivas que siguen vigentes y dan identidad.<\/p>\n\n\n\n<p>\u201cLos gremios forman parte del patrimonio cultural e identidad de M\u00e9rida, manteniendo vivas las memorias y costumbres que pasan de generaci\u00f3n en generaci\u00f3n\u201d, afirm\u00f3 la alcaldesa durante una visita a la actividad.<\/p>\n\n\n\n<p>Reiter\u00f3 que la preservaci\u00f3n de est\u00e1s manifestaciones contribuyen a la sana convivencia y a la paz social.<\/p>\n\n\n\n<p>Por su parte, Karla Berr\u00f3n C\u00e1mara, directora de Identidad y Cultura, reconoci\u00f3 que los gremios siguen siendo pr\u00e1cticas vivas que se transforman, ajustan y enfrentan retos en contextos que cambian.<\/p>\n\n\n\n<p>En ese proceso de continuidad, destac\u00f3 la forma en que los gremios funcionan gracias a la colaboraci\u00f3n y la solidaridad. \u201cLa organizaci\u00f3n de la fiesta, el cumplimiento de una promesa y el trabajo colectivo muestran c\u00f3mo muchas personas se articulan para sostener una tradici\u00f3n que pertenece a todos\u201d.<\/p>\n\n\n\n<p>Expuso que reflexionar sobre los gremios es tambi\u00e9n una manera de pensar e imaginar la ciudad, sobre las formas en las que nos organizamos, en que compartimos responsabilidades y en que construimos espacios de encuentro.<\/p>\n\n\n\n<p>Adri\u00e1n Xool S\u00e1nchez, representante del Gremio \u201cUni\u00f3n familiar\u201d en honor a la Pur\u00edsima Concepci\u00f3n de Mar\u00eda, Molas, y ponente del coloquio, destac\u00f3 la importancia de los gremios como organizaci\u00f3n y compromiso de servicio, y c\u00f3mo mantienen viva las tradiciones y celebraciones a los santos patronos.<\/p>\n\n\n\n<p>Expuso que los gremios son ejemplo de solidaridad, respeto y amor por las ra\u00edces culturales. \u201cGracias a la participaci\u00f3n, la fe se transforma en uni\u00f3n, las costumbres se preservan y las generaciones aprenden el significado de trabajar por el bien com\u00fan\u201d.<\/p>\n\n\n\n<p>Celebr\u00f3 que este tipo de encuentros motive a valorar y fortalecer estas expresiones que dan vida, sentido y cohesi\u00f3n a nuestras comunidades.<\/p>\n\n\n\n<p>Por su parte, la artista visual Clarissa Alamilla, oriunda de Cenotillo, comparti\u00f3 su experiencia al lado de los gremios que la han acompa\u00f1ado desde su infancia como espacios donde la comunidad se re\u00fane, convive y se reconoce.<\/p>\n\n\n\n<p>Consider\u00f3 valioso abrir estos espacios de di\u00e1logo sobre los gremios desde distintas miradas y compartir sus significados con las nuevas generaciones y de esta forma seguir reconociendo su importancia como lugares de encuentro, memoria y comunidad.<\/p>\n\n\n\n<p>Clarissa forma parte de la exposici\u00f3n \u201cOfrendas de flores y fuego\u201d, que se abri\u00f3 en el marco del coloquio en los corredores externos del Centro Cultural Olimpo. Desde la gr\u00e1fica logr\u00f3 capturar los rituales, ceremonias, los colores, la m\u00fasica, el movimiento y la convivencia que nace en esos grupos organizados en la vida social y cultural.<\/p>\n\n\n\n<p>La exposici\u00f3n incluye 18 trabajos, entre estampas, fotograf\u00edas y dibujos, con obras tambi\u00e9n de Rosario Caldera, Mar\u00eda Novelo y Mauricio Coll\u00ed, que reflejan el acercamiento a gremios de Maxcan\u00fa, Tecoh y Cansahcab, entre otros. Las obras permanecer\u00e1n expuestas hasta el 22 de marzo.<\/p>\n\n\n\n<p>En la organizaci\u00f3n del coloquio participaron el gestor cultural Abraham Coll\u00ed, el periodista F\u00e9lix Uc\u00e1n Salazar y Sa\u00fal Ancona Salazar, entre otros agentes culturales.<\/p>\n\n\n\n<p>El coloquio incluy\u00f3 tres mesas de conversaci\u00f3n, cada una de las cuales tuvo nutrida asistencia en la Videosala del Olimpo, en las cuales se escucharon ponencias desde la investigaci\u00f3n, el trabajo de campo, la experiencia cercana con las comunidades y las historias de quienes forman parte de los gremios.<\/p>\n\n\n\n<p>Participaron como ponentes representantes de algunos gremios de M\u00e9rida, del Cephcis-UNAM, la UADY, el Centro INAH Yucat\u00e1n y del Departamento de Asuntos Religiosos del Ayuntamiento, entre otras instituciones.<\/p>\n","protected":false},"excerpt":{"rendered":"<p>M\u00c9RIDA, Yucat\u00e1n.- M\u00e1s que pr\u00e1cticas colectivas que siguen vigentes, los gremios son ejemplo de solidaridad, respeto y amor por las ra\u00edces culturales, expusieron los participantes en el primer Coloquio \u201cPrometer,<\/p>\n","protected":false},"author":2,"featured_media":139037,"comment_status":"open","ping_status":"open","sticky":false,"template":"","format":"standard","meta":{"jetpack_post_was_ever_published":false,"_jetpack_newsletter_access":"","_jetpack_dont_email_post_to_subs":false,"_jetpack_newsletter_tier_id":0,"_jetpack_memberships_contains_paywalled_content":false,"_jetpack_memberships_contains_paid_content":false,"footnotes":"","jetpack_publicize_message":"","jetpack_publicize_feature_enabled":true,"jetpack_social_post_already_shared":true,"jetpack_social_options":{"image_generator_settings":{"template":"highway","default_image_id":0,"font":"","enabled":false},"version":2}},"categories":[14],"tags":[],"class_list":["post-139035","post","type-post","status-publish","format-standard","has-post-thumbnail","hentry","category-merida"],"jetpack_publicize_connections":[],"jetpack_featured_media_url":"https:\/\/formalprision.com\/wp-content\/uploads\/2026\/03\/WhatsApp-Image-2026-03-12-at-6.44.26-PM1.jpeg","jetpack_sharing_enabled":true,"jetpack_shortlink":"https:\/\/wp.me\/p6id8p-Aav","_links":{"self":[{"href":"https:\/\/formalprision.com\/index.php?rest_route=\/wp\/v2\/posts\/139035","targetHints":{"allow":["GET"]}}],"collection":[{"href":"https:\/\/formalprision.com\/index.php?rest_route=\/wp\/v2\/posts"}],"about":[{"href":"https:\/\/formalprision.com\/index.php?rest_route=\/wp\/v2\/types\/post"}],"author":[{"embeddable":true,"href":"https:\/\/formalprision.com\/index.php?rest_route=\/wp\/v2\/users\/2"}],"replies":[{"embeddable":true,"href":"https:\/\/formalprision.com\/index.php?rest_route=%2Fwp%2Fv2%2Fcomments&post=139035"}],"version-history":[{"count":1,"href":"https:\/\/formalprision.com\/index.php?rest_route=\/wp\/v2\/posts\/139035\/revisions"}],"predecessor-version":[{"id":139036,"href":"https:\/\/formalprision.com\/index.php?rest_route=\/wp\/v2\/posts\/139035\/revisions\/139036"}],"wp:featuredmedia":[{"embeddable":true,"href":"https:\/\/formalprision.com\/index.php?rest_route=\/wp\/v2\/media\/139037"}],"wp:attachment":[{"href":"https:\/\/formalprision.com\/index.php?rest_route=%2Fwp%2Fv2%2Fmedia&parent=139035"}],"wp:term":[{"taxonomy":"category","embeddable":true,"href":"https:\/\/formalprision.com\/index.php?rest_route=%2Fwp%2Fv2%2Fcategories&post=139035"},{"taxonomy":"post_tag","embeddable":true,"href":"https:\/\/formalprision.com\/index.php?rest_route=%2Fwp%2Fv2%2Ftags&post=139035"}],"curies":[{"name":"wp","href":"https:\/\/api.w.org\/{rel}","templated":true}]}}