{"id":139042,"date":"2026-03-13T00:30:42","date_gmt":"2026-03-13T05:30:42","guid":{"rendered":"https:\/\/formalprision.com\/?p=139042"},"modified":"2026-03-13T22:11:57","modified_gmt":"2026-03-14T03:11:57","slug":"mojtaba-jamenei-nuevo-lider-supremo-de-iran-habria-sido-inducido-al-coma","status":"publish","type":"post","link":"https:\/\/formalprision.com\/?p=139042","title":{"rendered":"Mojtaba Jamenei, nuevo l\u00edder supremo de Ir\u00e1n, habr\u00eda sido  inducido al coma"},"content":{"rendered":"\n<p>Diversos informes de inteligencia internacional, apoyados en reportes de la prensa brit\u00e1nica como el Daily Mail y The Mirror, indicaron este jueves que Mojtaba Jamenei, recientemente designado como L\u00edder Supremo de Ir\u00e1n, se encuentra en un estado de coma inducido.<\/p>\n\n\n\n<p>Seg\u00fan estas versiones, el mandatario sufri\u00f3 heridas de extrema gravedad durante las incursiones militares registradas en territorio iran\u00ed en el transcurso de la \u00faltima semana.<\/p>\n\n\n\n<p>Los reportes se\u00f1alan que el sucesor de Al\u00ed Jamenei presenta lesiones traum\u00e1ticas severas que derivaron en la p\u00e9rdida de una de sus piernas tras un impacto directo en un centro de mando. La situaci\u00f3n m\u00e9dica del cl\u00e9rigo permanece bajo un hermetismo absoluto por parte de las autoridades de Teher\u00e1n; sin embargo, fuentes citadas por agencias europeas sostienen que el equipo m\u00e9dico opt\u00f3 por la sedaci\u00f3n profunda para intentar estabilizar sus signos vitales tras una intervenci\u00f3n quir\u00fargica de urgencia.<\/p>\n\n\n\n<p>Esta noticia surge apenas d\u00edas despu\u00e9s de que Mojtaba Jamenei asumiera la m\u00e1xima posici\u00f3n en la cadena de mando religiosa y pol\u00edtica del pa\u00eds. La supuesta incapacitaci\u00f3n del l\u00edder ocurre en el punto m\u00e1s \u00e1lgido del conflicto armado contra las fuerzas de Estados Unidos, lo que genera una incertidumbre significativa sobre el ejercicio del control efectivo en la toma de decisiones estrat\u00e9gicas de la naci\u00f3n persa.<\/p>\n\n\n\n<p>La degradaci\u00f3n de la salud de Jamenei guarda relaci\u00f3n directa con los bombardeos ejecutados por el Pent\u00e1gono sobre puntos estrat\u00e9gicos. Aunque inicialmente el gobierno iran\u00ed proyect\u00f3 una imagen de continuidad y fortaleza bajo el nuevo liderazgo, la filtraci\u00f3n de estos reportes m\u00e9dicos sugiere una afectaci\u00f3n profunda en la c\u00fapula del poder. El medio The Mirror y la cadena NTN24 recalcaron que el estado de coma del l\u00edder complica la estabilidad del r\u00e9gimen en un momento de confrontaci\u00f3n abierta.<\/p>\n\n\n\n<p>Hasta el cierre de esta edici\u00f3n, el Consejo Supremo de Seguridad Nacional de Ir\u00e1n omite cualquier comunicado oficial que confirme o desmienta la situaci\u00f3n de salud de Mojtaba Jamenei. Analistas internacionales advierten que la falta de una fe de vida reciente alimenta las versiones sobre un posible vac\u00edo de poder.<\/p>\n\n\n\n<p>El Estrecho de Ormuz, cuya clausura decret\u00f3 el propio Jamenei antes de los reportes sobre su estado, contin\u00faa bajo vigilancia militar estrecha mientras la comunidad internacional observa el desarrollo de esta crisis interna que define el curso de las hostilidades.<\/p>\n\n\n\n<p>La situaci\u00f3n en la zona de conflicto permanece en evoluci\u00f3n constante, con reportes de nuevos movimientos de tropas y una par\u00e1lisis diplom\u00e1tica que impide vislumbrar un cese al fuego inmediato.<\/p>\n","protected":false},"excerpt":{"rendered":"<p>Diversos informes de inteligencia internacional, apoyados en reportes de la prensa brit\u00e1nica como el Daily Mail y The Mirror, indicaron este jueves que Mojtaba Jamenei, recientemente designado como L\u00edder Supremo<\/p>\n","protected":false},"author":1,"featured_media":139043,"comment_status":"open","ping_status":"open","sticky":false,"template":"","format":"standard","meta":{"jetpack_post_was_ever_published":false,"_jetpack_newsletter_access":"","_jetpack_dont_email_post_to_subs":false,"_jetpack_newsletter_tier_id":0,"_jetpack_memberships_contains_paywalled_content":false,"_jetpack_memberships_contains_paid_content":false,"footnotes":"","jetpack_publicize_message":"","jetpack_publicize_feature_enabled":true,"jetpack_social_post_already_shared":true,"jetpack_social_options":{"image_generator_settings":{"template":"highway","default_image_id":0,"font":"","enabled":false},"version":2}},"categories":[23,1],"tags":[],"class_list":["post-139042","post","type-post","status-publish","format-standard","has-post-thumbnail","hentry","category-del-mundo","category-sin-categoria"],"jetpack_publicize_connections":[],"jetpack_featured_media_url":"https:\/\/formalprision.com\/wp-content\/uploads\/2026\/03\/a6555986-92be-3793-921e-212f147d6ee4-1200x630-1.jpg","jetpack_sharing_enabled":true,"jetpack_shortlink":"https:\/\/wp.me\/p6id8p-AaC","_links":{"self":[{"href":"https:\/\/formalprision.com\/index.php?rest_route=\/wp\/v2\/posts\/139042","targetHints":{"allow":["GET"]}}],"collection":[{"href":"https:\/\/formalprision.com\/index.php?rest_route=\/wp\/v2\/posts"}],"about":[{"href":"https:\/\/formalprision.com\/index.php?rest_route=\/wp\/v2\/types\/post"}],"author":[{"embeddable":true,"href":"https:\/\/formalprision.com\/index.php?rest_route=\/wp\/v2\/users\/1"}],"replies":[{"embeddable":true,"href":"https:\/\/formalprision.com\/index.php?rest_route=%2Fwp%2Fv2%2Fcomments&post=139042"}],"version-history":[{"count":1,"href":"https:\/\/formalprision.com\/index.php?rest_route=\/wp\/v2\/posts\/139042\/revisions"}],"predecessor-version":[{"id":139044,"href":"https:\/\/formalprision.com\/index.php?rest_route=\/wp\/v2\/posts\/139042\/revisions\/139044"}],"wp:featuredmedia":[{"embeddable":true,"href":"https:\/\/formalprision.com\/index.php?rest_route=\/wp\/v2\/media\/139043"}],"wp:attachment":[{"href":"https:\/\/formalprision.com\/index.php?rest_route=%2Fwp%2Fv2%2Fmedia&parent=139042"}],"wp:term":[{"taxonomy":"category","embeddable":true,"href":"https:\/\/formalprision.com\/index.php?rest_route=%2Fwp%2Fv2%2Fcategories&post=139042"},{"taxonomy":"post_tag","embeddable":true,"href":"https:\/\/formalprision.com\/index.php?rest_route=%2Fwp%2Fv2%2Ftags&post=139042"}],"curies":[{"name":"wp","href":"https:\/\/api.w.org\/{rel}","templated":true}]}}