{"id":139045,"date":"2026-03-13T10:26:46","date_gmt":"2026-03-13T15:26:46","guid":{"rendered":"https:\/\/formalprision.com\/?p=139045"},"modified":"2026-03-13T10:26:46","modified_gmt":"2026-03-13T15:26:46","slug":"habitantes-de-vergel-iii-exponen-sus-necesidades-en-dialogos-con-el-pueblo","status":"publish","type":"post","link":"https:\/\/formalprision.com\/?p=139045","title":{"rendered":"Habitantes\u00a0de\u00a0Vergel\u00a0III\u00a0exponen\u00a0sus\u00a0necesidades\u00a0en\u00a0Di\u00e1logos con\u00a0el\u00a0Pueblo"},"content":{"rendered":"\n<p>M\u00e9rida, Yucat\u00e1n, a 13 de marzo de 2026-Como parte de los Di\u00e1logos con el Pueblo, el gobernador Joaqu\u00edn D\u00edaz Mena acudi\u00f3 a Vergel III para escuchar las necesidades y conocer de primera mano los retos que las vecinas y los vecinos de esta zona del oriente de M\u00e9rida enfrentan cada d\u00eda, as\u00ed como los proyectos que requieren para mejorar su calidad de vida.<br>&nbsp;<br>Desde el parque Bodas de Plata de esta colonia, el titular del Ejecutivo se\u00f1al\u00f3 que los Di\u00e1logos con el Pueblo son el espacio a partir del cual su Gobierno toma decisiones para que el presupuesto estatal se ejerza donde la gente lo necesita y en atenci\u00f3n a sus necesidades reales, con el objetivo de mejorar sus condiciones de vida, fortalecer la comunidad y la convivencia.<br>&nbsp;<br>El mandatario estatal resalt\u00f3 que la colonia Vergel III forma parte de una M\u00e9rida que crece aceleradamente y que necesita un Gobierno presente para atender y resolver los desaf\u00edos que la ciudadan\u00eda enfrenta en su vida diaria.<br>&nbsp;<br>Los vecinos hicieron varias solicitudes al al gobernador, entre ellas la construcci\u00f3n del domo de la cancha del parque, as\u00ed como la atenci\u00f3n de otras \u00e1reas que se encuentran descuidadas, como el parque infantil.<br>&nbsp;<\/p>\n","protected":false},"excerpt":{"rendered":"<p>M\u00e9rida, Yucat\u00e1n, a 13 de marzo de 2026-Como parte de los Di\u00e1logos con el Pueblo, el gobernador Joaqu\u00edn D\u00edaz Mena acudi\u00f3 a Vergel III para escuchar las necesidades y conocer<\/p>\n","protected":false},"author":1,"featured_media":139046,"comment_status":"open","ping_status":"open","sticky":false,"template":"","format":"standard","meta":{"jetpack_post_was_ever_published":false,"_jetpack_newsletter_access":"","_jetpack_dont_email_post_to_subs":false,"_jetpack_newsletter_tier_id":0,"_jetpack_memberships_contains_paywalled_content":false,"_jetpack_memberships_contains_paid_content":false,"footnotes":"","jetpack_publicize_message":"","jetpack_publicize_feature_enabled":true,"jetpack_social_post_already_shared":true,"jetpack_social_options":{"image_generator_settings":{"template":"highway","default_image_id":0,"font":"","enabled":false},"version":2}},"categories":[14],"tags":[],"class_list":["post-139045","post","type-post","status-publish","format-standard","has-post-thumbnail","hentry","category-merida"],"jetpack_publicize_connections":[],"jetpack_featured_media_url":"https:\/\/formalprision.com\/wp-content\/uploads\/2026\/03\/IMG-20260313-WA0008.jpg","jetpack_sharing_enabled":true,"jetpack_shortlink":"https:\/\/wp.me\/p6id8p-AaF","_links":{"self":[{"href":"https:\/\/formalprision.com\/index.php?rest_route=\/wp\/v2\/posts\/139045","targetHints":{"allow":["GET"]}}],"collection":[{"href":"https:\/\/formalprision.com\/index.php?rest_route=\/wp\/v2\/posts"}],"about":[{"href":"https:\/\/formalprision.com\/index.php?rest_route=\/wp\/v2\/types\/post"}],"author":[{"embeddable":true,"href":"https:\/\/formalprision.com\/index.php?rest_route=\/wp\/v2\/users\/1"}],"replies":[{"embeddable":true,"href":"https:\/\/formalprision.com\/index.php?rest_route=%2Fwp%2Fv2%2Fcomments&post=139045"}],"version-history":[{"count":1,"href":"https:\/\/formalprision.com\/index.php?rest_route=\/wp\/v2\/posts\/139045\/revisions"}],"predecessor-version":[{"id":139047,"href":"https:\/\/formalprision.com\/index.php?rest_route=\/wp\/v2\/posts\/139045\/revisions\/139047"}],"wp:featuredmedia":[{"embeddable":true,"href":"https:\/\/formalprision.com\/index.php?rest_route=\/wp\/v2\/media\/139046"}],"wp:attachment":[{"href":"https:\/\/formalprision.com\/index.php?rest_route=%2Fwp%2Fv2%2Fmedia&parent=139045"}],"wp:term":[{"taxonomy":"category","embeddable":true,"href":"https:\/\/formalprision.com\/index.php?rest_route=%2Fwp%2Fv2%2Fcategories&post=139045"},{"taxonomy":"post_tag","embeddable":true,"href":"https:\/\/formalprision.com\/index.php?rest_route=%2Fwp%2Fv2%2Ftags&post=139045"}],"curies":[{"name":"wp","href":"https:\/\/api.w.org\/{rel}","templated":true}]}}