{"id":139048,"date":"2026-03-13T16:51:50","date_gmt":"2026-03-13T21:51:50","guid":{"rendered":"https:\/\/formalprision.com\/?p=139048"},"modified":"2026-03-15T10:18:31","modified_gmt":"2026-03-15T15:18:31","slug":"ayuntamiento-de-merida-informa-sobre-los-servicios-municipales-en-el-dia-inhabil","status":"publish","type":"post","link":"https:\/\/formalprision.com\/?p=139048","title":{"rendered":"Ayuntamiento de M\u00e9rida informa sobre los servicios municipales en el d\u00eda inh\u00e1bil"},"content":{"rendered":"\n<p>M\u00c9RIDA, Yucat\u00e1n.- El Ayuntamiento de M\u00e9rida informa a la ciudadan\u00eda sobre los servicios disponibles durante el pr\u00f3ximo d\u00eda inh\u00e1bil el 16 de marzo, asegurando operaciones indispensables en la ciudad.<\/p>\n\n\n\n<p>En las oficinas recaudadoras y ventanillas \u00fanicas no habr\u00e1 recepci\u00f3n de tr\u00e1mites y servicios, con excepci\u00f3n de las ubicadas en el Cementerio Xocl\u00e1n, de 8:00 de la ma\u00f1ana a 5:00 de la tarde, y en la Polic\u00eda Municipal, en horario de 8:00 de la ma\u00f1ana a 8:00 de la noche.<\/p>\n\n\n\n<p>Para la atenci\u00f3n de reportes y solicitudes de la ciudadan\u00eda, Ayuntatel y atenci\u00f3n v\u00eda web se mantendr\u00e1n disponibles de 8:30 a.m. a 1:30 p.m. El m\u00f3dulo en los bajos del Palacio Municipal permanecer\u00e1 cerrado.<\/p>\n\n\n\n<p>En cuanto a la recolecci\u00f3n de residuos s\u00f3lidos, Pamplona, Sana y Corbase s\u00ed mantendr\u00e1n la operaci\u00f3n de sus servicios de manera regular. Servilimpia no laborar\u00e1.<\/p>\n\n\n\n<p>Para el disfrute de las familias meridanas el Parque Zool\u00f3gico El Centenario estar\u00e1 abierto al p\u00fablico, mientras que el Parque Zool\u00f3gico Animaya no laborar\u00e1.<\/p>\n\n\n\n<p>Se invita a las y los meridanos a disfrutar en familia de las actividades de la Semana Meridana el lunes con la tradicional Vaquer\u00eda en los bajos del Palacio Municipal con su programa habitual.<\/p>\n\n\n\n<p>Los museos y centros culturales de la ciudad permanecer\u00e1n cerrados, al igual que el Centro de Alfabetizaci\u00f3n Digital, el Centro Municipal de Danza y dem\u00e1s dependencias municipales, y el Circuito Enlace suspender\u00e1 su ruta, reanudando actividades en su horario habitual al d\u00eda siguiente.<\/p>\n\n\n\n<p>Los Servicios Funerarios permanecer\u00e1n disponibles de manera ininterrumpida, las 24 horas del d\u00eda, los 365 d\u00edas del a\u00f1o.<\/p>\n\n\n\n<p>El Ayuntamiento de M\u00e9rida agradece la comprensi\u00f3n de la ciudadan\u00eda y recomienda tomar previsiones.<\/p>\n","protected":false},"excerpt":{"rendered":"<p>M\u00c9RIDA, Yucat\u00e1n.- El Ayuntamiento de M\u00e9rida informa a la ciudadan\u00eda sobre los servicios disponibles durante el pr\u00f3ximo d\u00eda inh\u00e1bil el 16 de marzo, asegurando operaciones indispensables en la ciudad. En<\/p>\n","protected":false},"author":2,"featured_media":139050,"comment_status":"open","ping_status":"open","sticky":false,"template":"","format":"standard","meta":{"jetpack_post_was_ever_published":false,"_jetpack_newsletter_access":"","_jetpack_dont_email_post_to_subs":false,"_jetpack_newsletter_tier_id":0,"_jetpack_memberships_contains_paywalled_content":false,"_jetpack_memberships_contains_paid_content":false,"footnotes":"","jetpack_publicize_message":"","jetpack_publicize_feature_enabled":true,"jetpack_social_post_already_shared":true,"jetpack_social_options":{"image_generator_settings":{"template":"highway","default_image_id":0,"font":"","enabled":false},"version":2}},"categories":[14],"tags":[],"class_list":["post-139048","post","type-post","status-publish","format-standard","has-post-thumbnail","hentry","category-merida"],"jetpack_publicize_connections":[],"jetpack_featured_media_url":"https:\/\/formalprision.com\/wp-content\/uploads\/2026\/03\/pam.jpg","jetpack_sharing_enabled":true,"jetpack_shortlink":"https:\/\/wp.me\/p6id8p-AaI","_links":{"self":[{"href":"https:\/\/formalprision.com\/index.php?rest_route=\/wp\/v2\/posts\/139048","targetHints":{"allow":["GET"]}}],"collection":[{"href":"https:\/\/formalprision.com\/index.php?rest_route=\/wp\/v2\/posts"}],"about":[{"href":"https:\/\/formalprision.com\/index.php?rest_route=\/wp\/v2\/types\/post"}],"author":[{"embeddable":true,"href":"https:\/\/formalprision.com\/index.php?rest_route=\/wp\/v2\/users\/2"}],"replies":[{"embeddable":true,"href":"https:\/\/formalprision.com\/index.php?rest_route=%2Fwp%2Fv2%2Fcomments&post=139048"}],"version-history":[{"count":2,"href":"https:\/\/formalprision.com\/index.php?rest_route=\/wp\/v2\/posts\/139048\/revisions"}],"predecessor-version":[{"id":139051,"href":"https:\/\/formalprision.com\/index.php?rest_route=\/wp\/v2\/posts\/139048\/revisions\/139051"}],"wp:featuredmedia":[{"embeddable":true,"href":"https:\/\/formalprision.com\/index.php?rest_route=\/wp\/v2\/media\/139050"}],"wp:attachment":[{"href":"https:\/\/formalprision.com\/index.php?rest_route=%2Fwp%2Fv2%2Fmedia&parent=139048"}],"wp:term":[{"taxonomy":"category","embeddable":true,"href":"https:\/\/formalprision.com\/index.php?rest_route=%2Fwp%2Fv2%2Fcategories&post=139048"},{"taxonomy":"post_tag","embeddable":true,"href":"https:\/\/formalprision.com\/index.php?rest_route=%2Fwp%2Fv2%2Ftags&post=139048"}],"curies":[{"name":"wp","href":"https:\/\/api.w.org\/{rel}","templated":true}]}}