{"id":139065,"date":"2026-03-14T21:35:28","date_gmt":"2026-03-15T02:35:28","guid":{"rendered":"https:\/\/formalprision.com\/?p=139065"},"modified":"2026-03-16T00:42:16","modified_gmt":"2026-03-16T05:42:16","slug":"asiste-cecilia-patron-a-la-inauguracion-de-la-filey","status":"publish","type":"post","link":"https:\/\/formalprision.com\/?p=139065","title":{"rendered":"Asiste Cecilia Patr\u00f3n a la inauguraci\u00f3n de la FILEY"},"content":{"rendered":"\n<p>M\u00c9RIDA, Yucat\u00e1n.- \u201cNos enorgullece ser parte de iniciativas con impacto social, como la FILEY, donde la participaci\u00f3n ciudadana es fundamental para construir y fortalecer nuestras comunidades\u201d, declar\u00f3 la presidenta municipal de M\u00e9rida, Cecilia Patr\u00f3n Laviada, durante la inauguraci\u00f3n de la Feria de la Lectura Yucat\u00e1n 2026.<\/p>\n\n\n\n<p>La alcaldesa resalt\u00f3 que para M\u00e9rida la FILEY 2026 es una puerta de oportunidades para todas las personas, sin importar su edad o de d\u00f3nde vengan, es un espacio en d\u00f3nde pueden encontrarse, un mundo de historias donde las ideas y la creatividad se comparten.<\/p>\n\n\n\n<p>\u201c\u00a1Vengan a vivir la FILEY! Ac\u00e9rquense a las propuestas editoriales y culturales, y descubran lo que la lectura nos ofrece: an\u00e9cdotas, lugares, amistades, un mundo paralelo que nos remite a espacios y tiempos, a los cuales s\u00f3lo un buen libro tiene la capacidad de llevarnos\u201d, subray\u00f3 en presencia del gobernador de Yucat\u00e1n, Joaqu\u00edn D\u00edaz Mena, y Carlos Estrada Pinto, rector de la Universidad Aut\u00f3noma de Yucat\u00e1n (UADY).<\/p>\n\n\n\n<p>Cecilia destac\u00f3 que proyectos como este motivan al Ayuntamiento a seguir trabajando para apoyar el desarrollo integral de las personas en los \u00e1mbitos cultural, social y econ\u00f3mico. Adem\u00e1s, acercan oportunidades educativas a colonias y espacios comunitarios, ya que la educaci\u00f3n es un derecho.<\/p>\n\n\n\n<p>\u00abSomos una ciudad de juventudes emprendedoras, infancias creativas, mujeres talentosas, personas mayores valoradas y personas con discapacidad incluidas\u00bb, resalt\u00f3.<\/p>\n\n\n\n<p>La apertura del encuentro cultural, que se lleva a cabo del 14 al 22 de marzo en el Centro de Convenciones y Exposiciones Yucat\u00e1n Siglo XXI, tambi\u00e9n cont\u00f3 con la presencia de Mar\u00eda Teresa M\u00e9zquita M\u00e9ndez, directora de la Feria Internacional de la Lectura Yucat\u00e1n.<\/p>\n\n\n\n<p>En la ceremonia se entreg\u00f3 el Premio Excelencia en las Letras \u201cJos\u00e9 Emilio Pacheco\u201d 2026 a la escritora Elsa Cross, un reconocimiento que resalta su trayectoria y contribuciones a la literatura contempor\u00e1nea.<\/p>\n\n\n\n<p>Participaci\u00f3n del Ayuntamiento.<\/p>\n\n\n\n<p>Cecilia record\u00f3 que el Ayuntamiento de M\u00e9rida se suma a la FILEY 2026 con m\u00e1s de 50 actividades para fomentar la lectura, incluyendo presentaciones de libros, conversatorios, conciertos y talleres en lengua maya.<\/p>\n\n\n\n<p>Habr\u00e1 disponibles 170 t\u00edtulos de obras ganadoras del Fondo Editorial, con g\u00e9neros como cuento, cr\u00f3nica, ensayo y dramaturgia. Algunas novedades son la presentaci\u00f3n de los libros \u00abDos obras de teatro en casa\u00bb de Xhail Espadas y \u00abRosa Torres Gonz\u00e1lez, paisajes de su biograf\u00eda\u00bb de Jos\u00e9 Antonio Escalante.<\/p>\n\n\n\n<p>La feria tambi\u00e9n tendr\u00e1 un toque art\u00edstico con exposiciones como \u00abIzamal. El rostro oculto\u00bb de Jos\u00e9 Pool \u00abMashka\u00bb y \u00abLas cuatro estaciones de Calafia\u00bb de Rosa Beltr\u00e1n Pedr\u00edn, en colaboraci\u00f3n con la Facultad de Artes de Mexicali y la Universidad Aut\u00f3noma de Baja California.<\/p>\n\n\n\n<p>La m\u00fasica ser\u00e1 protagonista con los conciertos \u201cSonidos de M\u00e9xico: Un viaje musical por sus regiones\u201d con la Orquesta Infantil y Juvenil del Ayuntamiento de M\u00e9rida bajo la direcci\u00f3n del maestro David Silva Monje, y \u201cAnime Sinf\u00f3nico. De la pantalla al escenario\u201d, con la Orquesta de C\u00e1mara que dirige el Mtro. Russell Monta\u00f1ez Coronado, acompa\u00f1ada del Coro Juvenil del Centro Municipal de M\u00fasica, el grupo de rock Whiplash y artistas invitados de la Universidad An\u00e1huac Mayab.<\/p>\n\n\n\n<p>Entre las actividades destacadas est\u00e1n las mesas \u00abDiversidad en di\u00e1logo\u00bb y \u00abVoces en investigaci\u00f3n\u00bb, organizadas por la UADY, as\u00ed como la Lectura creativa de obra reciente de la Red Literaria del Sureste. Tambi\u00e9n habr\u00e1 un Festival de Periodismo del Caribe con seis mesas panel.<\/p>\n\n\n\n<p>El precio de los libros del Fondo Editorial oscila entre los 30 y 500 pesos. El stand podr\u00e1 visitarse de 10 de la ma\u00f1ana a 9 de la noche.<\/p>\n\n\n\n<p>Acompa\u00f1aron a la alcaldesa Flora Zapata Mendiolea, coordinadora general de Justicia Social y Desarrollo Humano, y Karla Berr\u00f3n C\u00e1mara, directora de Identidad y Cultura.<\/p>\n\n\n\n<p>En el sitio merida.gob.mx\/capitalcultural\/ puede consultarse el programa de actividades.<\/p>\n","protected":false},"excerpt":{"rendered":"<p>M\u00c9RIDA, Yucat\u00e1n.- \u201cNos enorgullece ser parte de iniciativas con impacto social, como la FILEY, donde la participaci\u00f3n ciudadana es fundamental para construir y fortalecer nuestras comunidades\u201d, declar\u00f3 la presidenta municipal<\/p>\n","protected":false},"author":2,"featured_media":139067,"comment_status":"open","ping_status":"open","sticky":false,"template":"","format":"standard","meta":{"jetpack_post_was_ever_published":false,"_jetpack_newsletter_access":"","_jetpack_dont_email_post_to_subs":false,"_jetpack_newsletter_tier_id":0,"_jetpack_memberships_contains_paywalled_content":false,"_jetpack_memberships_contains_paid_content":false,"footnotes":"","jetpack_publicize_message":"","jetpack_publicize_feature_enabled":true,"jetpack_social_post_already_shared":true,"jetpack_social_options":{"image_generator_settings":{"template":"highway","default_image_id":0,"font":"","enabled":false},"version":2}},"categories":[14],"tags":[],"class_list":["post-139065","post","type-post","status-publish","format-standard","has-post-thumbnail","hentry","category-merida"],"jetpack_publicize_connections":[],"jetpack_featured_media_url":"https:\/\/formalprision.com\/wp-content\/uploads\/2026\/03\/WhatsApp-Image-2026-03-14-at-6.00.43-PM.jpeg","jetpack_sharing_enabled":true,"jetpack_shortlink":"https:\/\/wp.me\/p6id8p-AaZ","_links":{"self":[{"href":"https:\/\/formalprision.com\/index.php?rest_route=\/wp\/v2\/posts\/139065","targetHints":{"allow":["GET"]}}],"collection":[{"href":"https:\/\/formalprision.com\/index.php?rest_route=\/wp\/v2\/posts"}],"about":[{"href":"https:\/\/formalprision.com\/index.php?rest_route=\/wp\/v2\/types\/post"}],"author":[{"embeddable":true,"href":"https:\/\/formalprision.com\/index.php?rest_route=\/wp\/v2\/users\/2"}],"replies":[{"embeddable":true,"href":"https:\/\/formalprision.com\/index.php?rest_route=%2Fwp%2Fv2%2Fcomments&post=139065"}],"version-history":[{"count":1,"href":"https:\/\/formalprision.com\/index.php?rest_route=\/wp\/v2\/posts\/139065\/revisions"}],"predecessor-version":[{"id":139066,"href":"https:\/\/formalprision.com\/index.php?rest_route=\/wp\/v2\/posts\/139065\/revisions\/139066"}],"wp:featuredmedia":[{"embeddable":true,"href":"https:\/\/formalprision.com\/index.php?rest_route=\/wp\/v2\/media\/139067"}],"wp:attachment":[{"href":"https:\/\/formalprision.com\/index.php?rest_route=%2Fwp%2Fv2%2Fmedia&parent=139065"}],"wp:term":[{"taxonomy":"category","embeddable":true,"href":"https:\/\/formalprision.com\/index.php?rest_route=%2Fwp%2Fv2%2Fcategories&post=139065"},{"taxonomy":"post_tag","embeddable":true,"href":"https:\/\/formalprision.com\/index.php?rest_route=%2Fwp%2Fv2%2Ftags&post=139065"}],"curies":[{"name":"wp","href":"https:\/\/api.w.org\/{rel}","templated":true}]}}