{"id":139071,"date":"2026-03-15T15:47:45","date_gmt":"2026-03-15T20:47:45","guid":{"rendered":"https:\/\/formalprision.com\/?p=139071"},"modified":"2026-03-15T15:47:45","modified_gmt":"2026-03-15T20:47:45","slug":"cecilia-patron-presenta-ecobarrio-para-elevar-la-calidad-de-vida-en-el-centro-oriente-de-merida","status":"publish","type":"post","link":"https:\/\/formalprision.com\/?p=139071","title":{"rendered":"Cecilia Patr\u00f3n presenta EcoBarrio para elevar la calidad de vida en el centro oriente de M\u00e9rida"},"content":{"rendered":"\n<p>M\u00c9RIDA, Yucat\u00e1n.- \u00abM\u00e9rida avanza con paso firme hacia un futuro sostenible de la mano de la ciudadan\u00eda\u00bb, asegur\u00f3 la presidenta municipal Cecilia Patr\u00f3n Laviada al encabezar la presentaci\u00f3n final del proyecto EcoBarrio \u00abPlaza Patio\u00bb, propuesta innovadora que busca mejorar la calidad de vida de las familias mediante un desarrollo urbano sostenible.<\/p>\n\n\n\n<p>\u00abHoy damos un paso muy importante para el futuro de M\u00e9rida. Un paso que se origina en la visi\u00f3n de trabajo colaborativo y di\u00e1logo para abrir nuestra ciudad al mundo para aprender, compartir y traer a casa las mejores ideas que ayuden a mejorar la vida de nuestra gente\u00bb, expres\u00f3.<\/p>\n\n\n\n<p>La acci\u00f3n es resultado de la gira de trabajo que la alcaldesa realiz\u00f3 en octubre de 2025 por la Uni\u00f3n Europea, donde se establecieron lazos con ciudades que comparten la visi\u00f3n de un desarrollo urbano sostenible.<\/p>\n\n\n\n<p>Con este proyecto que estar\u00e1 en la zona centro oriente, M\u00e9rida busca ser un referente en desarrollo urbano responsable y mejorar la calidad de vida de sus habitantes concientizando a la ciudadan\u00eda de la importancia del cambio clim\u00e1tico y del cuidado de los recursos naturales lo que permitir\u00e1 a la ciudad seguir creciendo con orden y con visi\u00f3n de futuro que realmente impacten en la vida cotidiana de nuestras familias.<\/p>\n\n\n\n<p>Asimismo la colaboraci\u00f3n con Niza y otras ciudades europeas busca fortalecer la gobernanza y la sostenibilidad local, y atraer proyectos que beneficien a M\u00e9rida. M\u00e9rida se ha integrado formalmente a la red URBACT \u00abCities for Sustainability Governance\u00bb, colaborando con ciudades como Espoo, Finlandia, y Braga, Portugal.<\/p>\n\n\n\n<p>\u00abCreemos firmemente que cuando las ciudades colaboran, comparten experiencias y ponen en el centro a las personas, es posible construir un mejor futuro con justicia social. En Niza conocimos de cerca la metodolog\u00eda EcoQuartier, impulsada por el Ministerio de Transici\u00f3n Ecol\u00f3gica de Francia, que ha permitido crear barrios m\u00e1s sostenibles, resilientes y participativos. Hoy estamos dando el primer paso para adaptar esas buenas pr\u00e1cticas a nuestra realidad\u00bb, agreg\u00f3 la alcaldesa.<\/p>\n\n\n\n<p>La delegaci\u00f3n francesa, integrada por expertos como Bernard Massabo y Lorea Lasalde, trabaj\u00f3 junto al Instituto Municipal de Planeaci\u00f3n de M\u00e9rida (IMPLAN) y diversas dependencias municipales en los ejes de movilidad, biodiversidad y gobernanza participativa.&nbsp;<\/p>\n\n\n\n<p>En el evento estuvieron presentes, Felicitas Hern\u00e1ndez Rom\u00e1n, directora de Vivienda Sustentable y Ahorro Energ\u00e9tico de la SEDATU M\u00e9xico; Marcos Celis Quintal, delegado de la Secretar\u00eda de Desarrollo Agrario, Territorial y Urbano (SEDATU) en Yucat\u00e1n; Mario Fernando Ancona Teigell, c\u00f3nsul de la embajada de Francia en M\u00e9rida, y Carlos Vi\u00f1as Heredia, coordinador general de Desarrollo Ordenado y Gesti\u00f3n de la Ciudad.<\/p>\n","protected":false},"excerpt":{"rendered":"<p>M\u00c9RIDA, Yucat\u00e1n.- \u00abM\u00e9rida avanza con paso firme hacia un futuro sostenible de la mano de la ciudadan\u00eda\u00bb, asegur\u00f3 la presidenta municipal Cecilia Patr\u00f3n Laviada al encabezar la presentaci\u00f3n final del<\/p>\n","protected":false},"author":2,"featured_media":139073,"comment_status":"open","ping_status":"open","sticky":false,"template":"","format":"standard","meta":{"jetpack_post_was_ever_published":false,"_jetpack_newsletter_access":"","_jetpack_dont_email_post_to_subs":false,"_jetpack_newsletter_tier_id":0,"_jetpack_memberships_contains_paywalled_content":false,"_jetpack_memberships_contains_paid_content":false,"footnotes":"","jetpack_publicize_message":"","jetpack_publicize_feature_enabled":true,"jetpack_social_post_already_shared":true,"jetpack_social_options":{"image_generator_settings":{"template":"highway","default_image_id":0,"font":"","enabled":false},"version":2}},"categories":[14],"tags":[],"class_list":["post-139071","post","type-post","status-publish","format-standard","has-post-thumbnail","hentry","category-merida"],"jetpack_publicize_connections":[],"jetpack_featured_media_url":"https:\/\/formalprision.com\/wp-content\/uploads\/2026\/03\/WhatsApp-Image-2026-03-15-at-2.12.17-PM.jpeg","jetpack_sharing_enabled":true,"jetpack_shortlink":"https:\/\/wp.me\/p6id8p-Ab5","_links":{"self":[{"href":"https:\/\/formalprision.com\/index.php?rest_route=\/wp\/v2\/posts\/139071","targetHints":{"allow":["GET"]}}],"collection":[{"href":"https:\/\/formalprision.com\/index.php?rest_route=\/wp\/v2\/posts"}],"about":[{"href":"https:\/\/formalprision.com\/index.php?rest_route=\/wp\/v2\/types\/post"}],"author":[{"embeddable":true,"href":"https:\/\/formalprision.com\/index.php?rest_route=\/wp\/v2\/users\/2"}],"replies":[{"embeddable":true,"href":"https:\/\/formalprision.com\/index.php?rest_route=%2Fwp%2Fv2%2Fcomments&post=139071"}],"version-history":[{"count":1,"href":"https:\/\/formalprision.com\/index.php?rest_route=\/wp\/v2\/posts\/139071\/revisions"}],"predecessor-version":[{"id":139072,"href":"https:\/\/formalprision.com\/index.php?rest_route=\/wp\/v2\/posts\/139071\/revisions\/139072"}],"wp:featuredmedia":[{"embeddable":true,"href":"https:\/\/formalprision.com\/index.php?rest_route=\/wp\/v2\/media\/139073"}],"wp:attachment":[{"href":"https:\/\/formalprision.com\/index.php?rest_route=%2Fwp%2Fv2%2Fmedia&parent=139071"}],"wp:term":[{"taxonomy":"category","embeddable":true,"href":"https:\/\/formalprision.com\/index.php?rest_route=%2Fwp%2Fv2%2Fcategories&post=139071"},{"taxonomy":"post_tag","embeddable":true,"href":"https:\/\/formalprision.com\/index.php?rest_route=%2Fwp%2Fv2%2Ftags&post=139071"}],"curies":[{"name":"wp","href":"https:\/\/api.w.org\/{rel}","templated":true}]}}