{"id":139074,"date":"2026-03-15T16:42:46","date_gmt":"2026-03-15T21:42:46","guid":{"rendered":"https:\/\/formalprision.com\/?p=139074"},"modified":"2026-03-16T00:41:39","modified_gmt":"2026-03-16T05:41:39","slug":"feria-de-empleo-acerca-mas-de-180-oportunidades-laborales-a-jovenes-en-merida","status":"publish","type":"post","link":"https:\/\/formalprision.com\/?p=139074","title":{"rendered":"Feria de empleo acerca m\u00e1s de 180 oportunidades laborales a j\u00f3venes en M\u00e9rida"},"content":{"rendered":"\n<p>M\u00c9RIDA, Yucat\u00e1n.- El Ayuntamiento de M\u00e9rida realiz\u00f3 la Feria de Empleo en la Universidad del Sur, campus Santa Luc\u00eda, con el objetivo de acercar oportunidades laborales a j\u00f3venes universitarios, egresados y personas que buscan incorporarse al mercado laboral.<\/p>\n\n\n\n<p>Esta iniciativa responde al compromiso de la presidenta municipal Cecilia Patr\u00f3n Laviada de fortalecer la econom\u00eda local, cuidar el bolsillo de las y los meridanos y generar oportunidades que mejoren la calidad de vida de las familias<\/p>\n\n\n\n<p>En la jornada participaron 18 empresas y cuatro dependencias gubernamentales, ofreciendo m\u00e1s de 180 vacantes en distintos sectores productivos. Esto permiti\u00f3 que 328 personas acudieran a conocer las opciones disponibles y establecieran contacto directo con los empleadores.<\/p>\n\n\n\n<p>El titular de la Direcci\u00f3n de Prosperidad y Bienestar Econ\u00f3mico, Mauricio D\u00edaz Montalvo, destac\u00f3 que este tipo de acciones forman parte de una estrategia permanente para impulsar el desarrollo econ\u00f3mico, mejorar las condiciones de vida de las familias meridanas y fortalecer la vinculaci\u00f3n entre el sector empresarial y la ciudadan\u00eda.<\/p>\n\n\n\n<p>\u201cDesde el Ayuntamiento que encabeza Cecilia Patr\u00f3n, trabajamos para que las oportunidades lleguen a m\u00e1s personas. Vincular a las empresas con j\u00f3venes y ciudadanos que buscan empleo es clave para fortalecer la econom\u00eda de M\u00e9rida y abrir puertas a quienes desean salir adelante con su esfuerzo\u201d, se\u00f1al\u00f3.<\/p>\n\n\n\n<p>El funcionario tambi\u00e9n subray\u00f3 que estas ferias permiten que estudiantes pr\u00f3ximos a egresar encuentren espacios para pr\u00e1cticas profesionales, servicio social y su primer empleo, facilitando su transici\u00f3n al mundo laboral mostrando un abanico de oportunidades que les permitan adquirir experiencias para nuevos puestos.<\/p>\n\n\n\n<p>El Ayuntamiento de M\u00e9rida continuar\u00e1 promoviendo iniciativas que acerquen empleos formales, impulsen el talento local y consoliden a la ciudad como un referente de desarrollo econ\u00f3mico con bienestar para todos.<\/p>\n\n\n\n<p>M\u00e1s informaci\u00f3n sobre bolsa de trabajo y ferias de empleo en merida.gob.mx\/empleo<\/p>\n","protected":false},"excerpt":{"rendered":"<p>M\u00c9RIDA, Yucat\u00e1n.- El Ayuntamiento de M\u00e9rida realiz\u00f3 la Feria de Empleo en la Universidad del Sur, campus Santa Luc\u00eda, con el objetivo de acercar oportunidades laborales a j\u00f3venes universitarios, egresados<\/p>\n","protected":false},"author":2,"featured_media":139076,"comment_status":"open","ping_status":"open","sticky":false,"template":"","format":"standard","meta":{"jetpack_post_was_ever_published":false,"_jetpack_newsletter_access":"","_jetpack_dont_email_post_to_subs":false,"_jetpack_newsletter_tier_id":0,"_jetpack_memberships_contains_paywalled_content":false,"_jetpack_memberships_contains_paid_content":false,"footnotes":"","jetpack_publicize_message":"","jetpack_publicize_feature_enabled":true,"jetpack_social_post_already_shared":true,"jetpack_social_options":{"image_generator_settings":{"template":"highway","default_image_id":0,"font":"","enabled":false},"version":2}},"categories":[54],"tags":[],"class_list":["post-139074","post","type-post","status-publish","format-standard","has-post-thumbnail","hentry","category-yucatan"],"jetpack_publicize_connections":[],"jetpack_featured_media_url":"https:\/\/formalprision.com\/wp-content\/uploads\/2026\/03\/WhatsApp-Image-2026-03-15-at-2.36.43-PM.jpeg","jetpack_sharing_enabled":true,"jetpack_shortlink":"https:\/\/wp.me\/p6id8p-Ab8","_links":{"self":[{"href":"https:\/\/formalprision.com\/index.php?rest_route=\/wp\/v2\/posts\/139074","targetHints":{"allow":["GET"]}}],"collection":[{"href":"https:\/\/formalprision.com\/index.php?rest_route=\/wp\/v2\/posts"}],"about":[{"href":"https:\/\/formalprision.com\/index.php?rest_route=\/wp\/v2\/types\/post"}],"author":[{"embeddable":true,"href":"https:\/\/formalprision.com\/index.php?rest_route=\/wp\/v2\/users\/2"}],"replies":[{"embeddable":true,"href":"https:\/\/formalprision.com\/index.php?rest_route=%2Fwp%2Fv2%2Fcomments&post=139074"}],"version-history":[{"count":1,"href":"https:\/\/formalprision.com\/index.php?rest_route=\/wp\/v2\/posts\/139074\/revisions"}],"predecessor-version":[{"id":139075,"href":"https:\/\/formalprision.com\/index.php?rest_route=\/wp\/v2\/posts\/139074\/revisions\/139075"}],"wp:featuredmedia":[{"embeddable":true,"href":"https:\/\/formalprision.com\/index.php?rest_route=\/wp\/v2\/media\/139076"}],"wp:attachment":[{"href":"https:\/\/formalprision.com\/index.php?rest_route=%2Fwp%2Fv2%2Fmedia&parent=139074"}],"wp:term":[{"taxonomy":"category","embeddable":true,"href":"https:\/\/formalprision.com\/index.php?rest_route=%2Fwp%2Fv2%2Fcategories&post=139074"},{"taxonomy":"post_tag","embeddable":true,"href":"https:\/\/formalprision.com\/index.php?rest_route=%2Fwp%2Fv2%2Ftags&post=139074"}],"curies":[{"name":"wp","href":"https:\/\/api.w.org\/{rel}","templated":true}]}}