{"id":139082,"date":"2026-03-15T22:49:48","date_gmt":"2026-03-16T03:49:48","guid":{"rendered":"https:\/\/formalprision.com\/?p=139082"},"modified":"2026-03-16T23:38:14","modified_gmt":"2026-03-17T04:38:14","slug":"cruz-roja-cierra-de-manera-temporal-en-ciudad-victoria-tamaulipas","status":"publish","type":"post","link":"https:\/\/formalprision.com\/?p=139082","title":{"rendered":"Cruz Roja cierra de manera temporal en Ciudad Victoria, Tamaulipas"},"content":{"rendered":"\n<p>La Cruz Roja cerr\u00f3, de manera temporal, su delegaci\u00f3n en Ciudad Victoria, Tamaulipas.<\/p>\n\n\n\n<p>La suspensi\u00f3n de actividades obedece a problemas financieros que impiden su operaci\u00f3n.<\/p>\n\n\n\n<p>En los \u00faltimos meses se ha registrado una disminuci\u00f3n considerable en la captaci\u00f3n de donativos y aportaciones provenientes de distintos sectores sociales, lo que ha impactado directamente en la capacidad operativa de la Delegaci\u00f3n Estatal\u201d, se\u00f1al\u00f3 en un comunicado.<\/p>\n\n\n\n<p>De acuerdo con la Cruz Roja, en febrero se identificaron inconsistencias en la gesti\u00f3n administrativa y operativa de la delegaci\u00f3n Ciudad Victoria.<\/p>\n\n\n\n<p>Tras una revisi\u00f3n contable y administrativa se hall\u00f3 el incumplimiento del pago de salarios del personal y de las obligaciones con proveedores de insumos m\u00e9dicos, combustibles para ambulancias, refacciones y mantenimiento de las unidades.<\/p>\n\n\n\n<p>De esta forma, se determin\u00f3 la remoci\u00f3n del titular de la Cruz Roja Ciudad Victoria.<\/p>\n\n\n\n<p>Al no contar con recursos para mantener las operaciones, se determin\u00f3 el cierre temporal de la Cruz Roja de Ciudad Victoria, as\u00ed como tambi\u00e9n la de sus bases:<\/p>\n\n\n\n<p>-Aldama<br>-Altamira<br>-Llera<br>-Miguel Alem\u00e1n<br>-Soto la Marina<br>-Tula<br>-Xicot\u00e9ncatl<br>-Tampico<\/p>\n\n\n\n<p>Esta medida tiene car\u00e1cter estrictamente temporal y responde a la necesidad de restablecer condiciones adecuadas de funcionamiento, fortalecer los mecanismos de gesti\u00f3n y asegurar la continuidad futura de los servicios humanitarios que la instituci\u00f3n brinda a la poblaci\u00f3n\u201d, se\u00f1al\u00f3.<\/p>\n\n\n\n<p>En conferencia de prensa, coordinadores de la instituci\u00f3n detallaron que llevaban dos quincenas sin efectuar el pago correspondiente a los 183 trabajadores de n\u00f3mina.<\/p>\n\n\n\n<p>Por otra parte, en el comunicado de la instituci\u00f3n indicaron que derivado de la mala situaci\u00f3n financiera algunos integrantes del personal remunerado solicitaron su salida voluntaria.<\/p>\n\n\n\n<p>Cuestionados sobre cu\u00e1nto tiempo durar\u00e1 el cierre temporal, los coordinadores dijeron desconocer la fecha de reanudaci\u00f3n de actividades, pues presumieron que podr\u00eda durar de d\u00edas a semanas.<\/p>\n","protected":false},"excerpt":{"rendered":"<p>La Cruz Roja cerr\u00f3, de manera temporal, su delegaci\u00f3n en Ciudad Victoria, Tamaulipas. La suspensi\u00f3n de actividades obedece a problemas financieros que impiden su operaci\u00f3n. En los \u00faltimos meses se<\/p>\n","protected":false},"author":2,"featured_media":139084,"comment_status":"open","ping_status":"open","sticky":false,"template":"","format":"standard","meta":{"jetpack_post_was_ever_published":false,"_jetpack_newsletter_access":"","_jetpack_dont_email_post_to_subs":false,"_jetpack_newsletter_tier_id":0,"_jetpack_memberships_contains_paywalled_content":false,"_jetpack_memberships_contains_paid_content":false,"footnotes":"","jetpack_publicize_message":"","jetpack_publicize_feature_enabled":true,"jetpack_social_post_already_shared":true,"jetpack_social_options":{"image_generator_settings":{"template":"highway","default_image_id":0,"font":"","enabled":false},"version":2}},"categories":[23],"tags":[],"class_list":["post-139082","post","type-post","status-publish","format-standard","has-post-thumbnail","hentry","category-del-mundo"],"jetpack_publicize_connections":[],"jetpack_featured_media_url":"https:\/\/formalprision.com\/wp-content\/uploads\/2026\/03\/roja.jpg","jetpack_sharing_enabled":true,"jetpack_shortlink":"https:\/\/wp.me\/p6id8p-Abg","_links":{"self":[{"href":"https:\/\/formalprision.com\/index.php?rest_route=\/wp\/v2\/posts\/139082","targetHints":{"allow":["GET"]}}],"collection":[{"href":"https:\/\/formalprision.com\/index.php?rest_route=\/wp\/v2\/posts"}],"about":[{"href":"https:\/\/formalprision.com\/index.php?rest_route=\/wp\/v2\/types\/post"}],"author":[{"embeddable":true,"href":"https:\/\/formalprision.com\/index.php?rest_route=\/wp\/v2\/users\/2"}],"replies":[{"embeddable":true,"href":"https:\/\/formalprision.com\/index.php?rest_route=%2Fwp%2Fv2%2Fcomments&post=139082"}],"version-history":[{"count":1,"href":"https:\/\/formalprision.com\/index.php?rest_route=\/wp\/v2\/posts\/139082\/revisions"}],"predecessor-version":[{"id":139083,"href":"https:\/\/formalprision.com\/index.php?rest_route=\/wp\/v2\/posts\/139082\/revisions\/139083"}],"wp:featuredmedia":[{"embeddable":true,"href":"https:\/\/formalprision.com\/index.php?rest_route=\/wp\/v2\/media\/139084"}],"wp:attachment":[{"href":"https:\/\/formalprision.com\/index.php?rest_route=%2Fwp%2Fv2%2Fmedia&parent=139082"}],"wp:term":[{"taxonomy":"category","embeddable":true,"href":"https:\/\/formalprision.com\/index.php?rest_route=%2Fwp%2Fv2%2Fcategories&post=139082"},{"taxonomy":"post_tag","embeddable":true,"href":"https:\/\/formalprision.com\/index.php?rest_route=%2Fwp%2Fv2%2Ftags&post=139082"}],"curies":[{"name":"wp","href":"https:\/\/api.w.org\/{rel}","templated":true}]}}