{"id":139088,"date":"2026-03-15T23:43:35","date_gmt":"2026-03-16T04:43:35","guid":{"rendered":"https:\/\/formalprision.com\/?p=139088"},"modified":"2026-03-15T23:43:35","modified_gmt":"2026-03-16T04:43:35","slug":"yucatan-se-proyecta-como-estado-abierto-al-mundo-y-fortalece-vinculos-internacionales","status":"publish","type":"post","link":"https:\/\/formalprision.com\/?p=139088","title":{"rendered":"Yucat\u00e1n se proyecta como estado abierto al mundo y fortalece v\u00ednculos internacionales\u00a0"},"content":{"rendered":"\n<p>M\u00e9rida, Yucat\u00e1n, a 15 de marzo de 2026.-En reuni\u00f3n con el embajador de Rusia en M\u00e9xico, Nikolay Sofinskiy, el G?gobernador Joaqu\u00edn D\u00edaz Mena reafirm\u00f3 el compromiso de su administraci\u00f3n de fortalecer los v\u00ednculos de cooperaci\u00f3n educativa, cultural, acad\u00e9mica, econ\u00f3mica y tur\u00edstica con el pa\u00eds euroasi\u00e1tico.<br>&nbsp;<br>El mandatario estatal record\u00f3 el legado de Yuri Kn\u00f3rosov, cuyo trabajo fue pionero en el desciframiento de la escritura maya, con aportaciones que cambiaron la comprensi\u00f3n de esta civilizaci\u00f3n milenaria. \u201cEl Centro de Estudios Mayas, que lleva su nombre, contin\u00faa esa labor fundamental, conectando a la academia rusa con las universidades yucatecas en proyectos de formaci\u00f3n acad\u00e9mica y de investigaci\u00f3n\u201d, record\u00f3 el Gobernador.<br>&nbsp;<br>Se\u00f1al\u00f3 que hay inter\u00e9s en establecer cooperaci\u00f3n en el sector tur\u00edstico, pues la pen\u00ednsula de Yucat\u00e1n ofrece atractivos \u00fanicos para los visitantes rusos, como sus zonas arqueol\u00f3gicas, la riqueza cultural maya, las bellezas naturales y la hospitalidad de su gente; adem\u00e1s, existe inter\u00e9s conjunto en ampliar la colaboraci\u00f3n en proyectos acad\u00e9micos, de investigaci\u00f3n y culturales.<\/p>\n\n\n\n<p>&nbsp;<br>En su turno, el embajador Nikolay Sofinskiy, agradeci\u00f3 la hospitalidad de los yucatecos y mostr\u00f3 inter\u00e9s en mantener y ampliar la colaboraci\u00f3n con Yucat\u00e1n, a trav\u00e9s de lazos interregionales. \u201c<\/p>\n","protected":false},"excerpt":{"rendered":"<p>M\u00e9rida, Yucat\u00e1n, a 15 de marzo de 2026.-En reuni\u00f3n con el embajador de Rusia en M\u00e9xico, Nikolay Sofinskiy, el G?gobernador Joaqu\u00edn D\u00edaz Mena reafirm\u00f3 el compromiso de su administraci\u00f3n de<\/p>\n","protected":false},"author":1,"featured_media":139089,"comment_status":"open","ping_status":"open","sticky":false,"template":"","format":"standard","meta":{"jetpack_post_was_ever_published":false,"_jetpack_newsletter_access":"","_jetpack_dont_email_post_to_subs":false,"_jetpack_newsletter_tier_id":0,"_jetpack_memberships_contains_paywalled_content":false,"_jetpack_memberships_contains_paid_content":false,"footnotes":"","jetpack_publicize_message":"","jetpack_publicize_feature_enabled":true,"jetpack_social_post_already_shared":true,"jetpack_social_options":{"image_generator_settings":{"template":"highway","default_image_id":0,"font":"","enabled":false},"version":2}},"categories":[14],"tags":[],"class_list":["post-139088","post","type-post","status-publish","format-standard","has-post-thumbnail","hentry","category-merida"],"jetpack_publicize_connections":[],"jetpack_featured_media_url":"https:\/\/formalprision.com\/wp-content\/uploads\/2026\/03\/IMG-20260315-WA0049.jpg","jetpack_sharing_enabled":true,"jetpack_shortlink":"https:\/\/wp.me\/p6id8p-Abm","_links":{"self":[{"href":"https:\/\/formalprision.com\/index.php?rest_route=\/wp\/v2\/posts\/139088","targetHints":{"allow":["GET"]}}],"collection":[{"href":"https:\/\/formalprision.com\/index.php?rest_route=\/wp\/v2\/posts"}],"about":[{"href":"https:\/\/formalprision.com\/index.php?rest_route=\/wp\/v2\/types\/post"}],"author":[{"embeddable":true,"href":"https:\/\/formalprision.com\/index.php?rest_route=\/wp\/v2\/users\/1"}],"replies":[{"embeddable":true,"href":"https:\/\/formalprision.com\/index.php?rest_route=%2Fwp%2Fv2%2Fcomments&post=139088"}],"version-history":[{"count":1,"href":"https:\/\/formalprision.com\/index.php?rest_route=\/wp\/v2\/posts\/139088\/revisions"}],"predecessor-version":[{"id":139090,"href":"https:\/\/formalprision.com\/index.php?rest_route=\/wp\/v2\/posts\/139088\/revisions\/139090"}],"wp:featuredmedia":[{"embeddable":true,"href":"https:\/\/formalprision.com\/index.php?rest_route=\/wp\/v2\/media\/139089"}],"wp:attachment":[{"href":"https:\/\/formalprision.com\/index.php?rest_route=%2Fwp%2Fv2%2Fmedia&parent=139088"}],"wp:term":[{"taxonomy":"category","embeddable":true,"href":"https:\/\/formalprision.com\/index.php?rest_route=%2Fwp%2Fv2%2Fcategories&post=139088"},{"taxonomy":"post_tag","embeddable":true,"href":"https:\/\/formalprision.com\/index.php?rest_route=%2Fwp%2Fv2%2Ftags&post=139088"}],"curies":[{"name":"wp","href":"https:\/\/api.w.org\/{rel}","templated":true}]}}