{"id":139967,"date":"2026-04-24T23:47:59","date_gmt":"2026-04-25T04:47:59","guid":{"rendered":"https:\/\/formalprision.com\/?p=139967"},"modified":"2026-04-24T23:47:59","modified_gmt":"2026-04-25T04:47:59","slug":"acuerdan-gobierno-de-yucatan-y-sader-fortalecer-acciones-para-el-campo","status":"publish","type":"post","link":"https:\/\/formalprision.com\/?p=139967","title":{"rendered":"Acuerdan Gobierno de Yucat\u00e1n y Sader fortalecer acciones para el campo"},"content":{"rendered":"\n<p>Ciudad de M\u00e9xico, a 24 de abril de 2026.-El gobernador Joaqu\u00edn D\u00edaz Mena sostuvo una reuni\u00f3n con el secretario de Agricultura y Desarrollo Rural, Julio Berdegu\u00e9 Sacrist\u00e1n, para hablar sobre las necesidades del campo yucateco, la operaci\u00f3n de programas federales y las oportunidades para impulsar la producci\u00f3n agropecuaria en la entidad.<br>&nbsp;<br>D\u00edaz Mena expuso las caracter\u00edsticas del sector agropecuario de Yucat\u00e1n, que combina una tradici\u00f3n ganadera de vocaci\u00f3n exportadora, especialmente en bovinos de las razas ceb\u00fa y brahman, con una creciente diversificaci\u00f3n hacia cultivos regionales de alto valor.<br>&nbsp;<br>Entre estos productos se encuentran el chile habanero, el lim\u00f3n persa, la papaya maradol y la miel de abeja melipona, que cuentan con reconocimiento y proyecci\u00f3n en mercados nacionales e internacionales.<br>&nbsp;<\/p>\n\n\n\n<p>Durante el di\u00e1logo, se revisaron mecanismos de coordinaci\u00f3n para la operaci\u00f3n de los programas federales de la Sader en territorio yucateco, con \u00e9nfasis en que los apoyos lleguen de manera oportuna a las y los productores del estado.<\/p>\n\n\n\n<p>Por su parte, Berdegu\u00e9 Sacrist\u00e1n present\u00f3 las l\u00edneas estrat\u00e9gicas de la Sader para fortalecer la producci\u00f3n nacional de alimentos, reducir importaciones y consolidar cadenas de valor agroalimentarias, al tiempo que reconoci\u00f3 las capacidades de Yucat\u00e1n en prote\u00edna animal, horticultura y cultivos tropicales.<br>&nbsp;<\/p>\n","protected":false},"excerpt":{"rendered":"<p>Ciudad de M\u00e9xico, a 24 de abril de 2026.-El gobernador Joaqu\u00edn D\u00edaz Mena sostuvo una reuni\u00f3n con el secretario de Agricultura y Desarrollo Rural, Julio Berdegu\u00e9 Sacrist\u00e1n, para hablar sobre<\/p>\n","protected":false},"author":1,"featured_media":139968,"comment_status":"open","ping_status":"open","sticky":false,"template":"","format":"standard","meta":{"jetpack_post_was_ever_published":false,"_jetpack_newsletter_access":"","_jetpack_dont_email_post_to_subs":false,"_jetpack_newsletter_tier_id":0,"_jetpack_memberships_contains_paywalled_content":false,"_jetpack_memberships_contains_paid_content":false,"footnotes":"","jetpack_publicize_message":"","jetpack_publicize_feature_enabled":true,"jetpack_social_post_already_shared":true,"jetpack_social_options":{"image_generator_settings":{"template":"highway","default_image_id":0,"font":"","enabled":false},"version":2}},"categories":[14],"tags":[],"class_list":["post-139967","post","type-post","status-publish","format-standard","has-post-thumbnail","hentry","category-merida"],"jetpack_publicize_connections":[],"jetpack_featured_media_url":"https:\/\/formalprision.com\/wp-content\/uploads\/2026\/04\/IMG-20260424-WA0103.jpg","jetpack_sharing_enabled":true,"jetpack_shortlink":"https:\/\/wp.me\/p6id8p-Apx","_links":{"self":[{"href":"https:\/\/formalprision.com\/index.php?rest_route=\/wp\/v2\/posts\/139967","targetHints":{"allow":["GET"]}}],"collection":[{"href":"https:\/\/formalprision.com\/index.php?rest_route=\/wp\/v2\/posts"}],"about":[{"href":"https:\/\/formalprision.com\/index.php?rest_route=\/wp\/v2\/types\/post"}],"author":[{"embeddable":true,"href":"https:\/\/formalprision.com\/index.php?rest_route=\/wp\/v2\/users\/1"}],"replies":[{"embeddable":true,"href":"https:\/\/formalprision.com\/index.php?rest_route=%2Fwp%2Fv2%2Fcomments&post=139967"}],"version-history":[{"count":1,"href":"https:\/\/formalprision.com\/index.php?rest_route=\/wp\/v2\/posts\/139967\/revisions"}],"predecessor-version":[{"id":139969,"href":"https:\/\/formalprision.com\/index.php?rest_route=\/wp\/v2\/posts\/139967\/revisions\/139969"}],"wp:featuredmedia":[{"embeddable":true,"href":"https:\/\/formalprision.com\/index.php?rest_route=\/wp\/v2\/media\/139968"}],"wp:attachment":[{"href":"https:\/\/formalprision.com\/index.php?rest_route=%2Fwp%2Fv2%2Fmedia&parent=139967"}],"wp:term":[{"taxonomy":"category","embeddable":true,"href":"https:\/\/formalprision.com\/index.php?rest_route=%2Fwp%2Fv2%2Fcategories&post=139967"},{"taxonomy":"post_tag","embeddable":true,"href":"https:\/\/formalprision.com\/index.php?rest_route=%2Fwp%2Fv2%2Ftags&post=139967"}],"curies":[{"name":"wp","href":"https:\/\/api.w.org\/{rel}","templated":true}]}}