{"id":139978,"date":"2026-04-26T00:43:25","date_gmt":"2026-04-26T05:43:25","guid":{"rendered":"https:\/\/formalprision.com\/?p=139978"},"modified":"2026-04-26T00:43:25","modified_gmt":"2026-04-26T05:43:25","slug":"la-ninez-meridana-es-la-principal-fortaleza-de-nuestra-ciudad-cecilia-patron","status":"publish","type":"post","link":"https:\/\/formalprision.com\/?p=139978","title":{"rendered":"La ni\u00f1ez meridana es la principal fortaleza de nuestra ciudad: Cecilia Patr\u00f3n."},"content":{"rendered":"\n<p>M\u00e9rida, Yucat\u00e1n a s\u00e1bado 25 de abril de 2026.- En el coraz\u00f3n del tradicional barrio de San Sebasti\u00e1n, entre calles llenas de historia y comunidad, se vivi\u00f3 una jornada cargada de alegr\u00eda y esperanza durante los festejos del D\u00eda de la Ni\u00f1ez, donde la que la presidenta municipal Cecilia Patr\u00f3n Laviada reiter\u00f3 su compromiso de seguir construyendo una ciudad en la que las infancias crezcan protegidas, felices y con muchas oportunidades.<\/p>\n\n\n\n<p>\u201cCelebramos a nuestras ni\u00f1as y ni\u00f1os, pero tambi\u00e9n celebramos lo que representan, esperanza, futuro y la fuerza que mueve a M\u00e9rida todos los d\u00edas. Ver sus sonrisas nos recuerda por qu\u00e9 trabajamos con tanto compromiso\u201d, afirm\u00f3 con emoci\u00f3n la alcaldesa.<\/p>\n\n\n\n<p>Subray\u00f3 que la ni\u00f1ez meridana representa el motor que impulsa el trabajo diario del Ayuntamiento, recordando que cada acci\u00f3n de gobierno est\u00e1 orientada a garantizar su bienestar y desarrollo integral, y un futuro pleno para ellos.<\/p>\n\n\n\n<p>Ante vecinas y vecinos de la emblem\u00e1tica zona, agradeci\u00f3 al comit\u00e9 \u201cVivo mi Barrio Bravo de San Sebasti\u00e1n\u2019\u201d, y a su presidente Jos\u00e9 Ra\u00fal Baeza S\u00e1nchez, por esta invitaci\u00f3n para compartir y celebrar a la ni\u00f1ez meridana en un encuentro lleno de vida, alegr\u00eda y comunidad.<\/p>\n\n\n\n<p>Desde el Ayuntamiento se cuenta con una amplia agenda dedicada a la infancia, con m\u00e1s de 30 actividades programadas que culminar\u00e1 hasta el 3 de mayo, que incluyen la Dino Feria, Rally Familiar, Caravana de la Ni\u00f1ez, ciclos de cine y festivales en mercados, pensados para fomentar la convivencia, la cultura y la alegr\u00eda en espacios seguros.<\/p>\n\n\n\n<p>La edil destac\u00f3 que m\u00e1s all\u00e1 de la celebraci\u00f3n, el Ayuntamiento impulsa pol\u00edticas p\u00fablicas firmes para el cuidado y desarrollo de la ni\u00f1ez, como el Centro Municipal de Autismo, que brinda atenci\u00f3n especializada a ni\u00f1as, ni\u00f1os y sus familias.<\/p>\n\n\n\n<p>Asimismo, las Ludotecas Municipales y m\u00e1s de 60 Centros Aprende distribuidos en toda la ciudad fortalecen el aprendizaje, la convivencia y el acceso a herramientas que permiten a las infancias crecer con mayores oportunidades.<\/p>\n","protected":false},"excerpt":{"rendered":"<p>M\u00e9rida, Yucat\u00e1n a s\u00e1bado 25 de abril de 2026.- En el coraz\u00f3n del tradicional barrio de San Sebasti\u00e1n, entre calles llenas de historia y comunidad, se vivi\u00f3 una jornada cargada<\/p>\n","protected":false},"author":1,"featured_media":139979,"comment_status":"open","ping_status":"open","sticky":false,"template":"","format":"standard","meta":{"jetpack_post_was_ever_published":false,"_jetpack_newsletter_access":"","_jetpack_dont_email_post_to_subs":false,"_jetpack_newsletter_tier_id":0,"_jetpack_memberships_contains_paywalled_content":false,"_jetpack_memberships_contains_paid_content":false,"footnotes":"","jetpack_publicize_message":"","jetpack_publicize_feature_enabled":true,"jetpack_social_post_already_shared":true,"jetpack_social_options":{"image_generator_settings":{"template":"highway","default_image_id":0,"font":"","enabled":false},"version":2}},"categories":[1588],"tags":[],"class_list":["post-139978","post","type-post","status-publish","format-standard","has-post-thumbnail","hentry","category-rotador-superior"],"jetpack_publicize_connections":[],"jetpack_featured_media_url":"https:\/\/formalprision.com\/wp-content\/uploads\/2026\/04\/IMG-20260425-WA0267.jpg","jetpack_sharing_enabled":true,"jetpack_shortlink":"https:\/\/wp.me\/p6id8p-ApI","_links":{"self":[{"href":"https:\/\/formalprision.com\/index.php?rest_route=\/wp\/v2\/posts\/139978","targetHints":{"allow":["GET"]}}],"collection":[{"href":"https:\/\/formalprision.com\/index.php?rest_route=\/wp\/v2\/posts"}],"about":[{"href":"https:\/\/formalprision.com\/index.php?rest_route=\/wp\/v2\/types\/post"}],"author":[{"embeddable":true,"href":"https:\/\/formalprision.com\/index.php?rest_route=\/wp\/v2\/users\/1"}],"replies":[{"embeddable":true,"href":"https:\/\/formalprision.com\/index.php?rest_route=%2Fwp%2Fv2%2Fcomments&post=139978"}],"version-history":[{"count":1,"href":"https:\/\/formalprision.com\/index.php?rest_route=\/wp\/v2\/posts\/139978\/revisions"}],"predecessor-version":[{"id":139980,"href":"https:\/\/formalprision.com\/index.php?rest_route=\/wp\/v2\/posts\/139978\/revisions\/139980"}],"wp:featuredmedia":[{"embeddable":true,"href":"https:\/\/formalprision.com\/index.php?rest_route=\/wp\/v2\/media\/139979"}],"wp:attachment":[{"href":"https:\/\/formalprision.com\/index.php?rest_route=%2Fwp%2Fv2%2Fmedia&parent=139978"}],"wp:term":[{"taxonomy":"category","embeddable":true,"href":"https:\/\/formalprision.com\/index.php?rest_route=%2Fwp%2Fv2%2Fcategories&post=139978"},{"taxonomy":"post_tag","embeddable":true,"href":"https:\/\/formalprision.com\/index.php?rest_route=%2Fwp%2Fv2%2Ftags&post=139978"}],"curies":[{"name":"wp","href":"https:\/\/api.w.org\/{rel}","templated":true}]}}