{"id":140022,"date":"2026-04-27T19:58:59","date_gmt":"2026-04-28T00:58:59","guid":{"rendered":"https:\/\/formalprision.com\/?p=140022"},"modified":"2026-04-27T19:58:59","modified_gmt":"2026-04-28T00:58:59","slug":"avanza-la-rehabilitacion-de-adoquines-en-emblematica-zona-de-merida","status":"publish","type":"post","link":"https:\/\/formalprision.com\/?p=140022","title":{"rendered":"Avanza la rehabilitaci\u00f3n de adoquines en emblem\u00e1tica zona de M\u00e9rida"},"content":{"rendered":"\n<p>M\u00c9RIDA, Yucat\u00e1n.- El Ayuntamiento de M\u00e9rida trabajar\u00e1 en la rehabilitaci\u00f3n de 642.60 metros lineales de adoquines, equivalente, 4 mil 060.76 metros cuadrados en las calles 64 A y 64, desde el cruce con la 77, en la Ermita, y la calle 69 A en el arco de San Juan, al partir de este lunes 27 de abril y hasta fines de agosto pr\u00f3ximo.<\/p>\n\n\n\n<p>La Direcci\u00f3n de Obras P\u00fablicas informa que los trabajos arrancaron en la calle 64 con 69 A en San Juan y avanzar\u00e1n hacia el sur hasta la calle 73, por lo que se cerrar\u00e1 ese tramo al tr\u00e1nsito vehicular y el cruce con la calle 73 a partir de la calle 62.<\/p>\n\n\n\n<p>Se trata de la segunda de cuatro etapas de un proyecto para la reparaci\u00f3n de tramos de adoqu\u00edn en Santa Luc\u00eda y Mejorada.<\/p>\n\n\n\n<p>Como se recordar\u00e1, la primera etapa concluy\u00f3 en octubre pasado e incluy\u00f3 la reparaci\u00f3n de un \u00e1rea de 2 mil 894 metros cuadrados en la calle 66 desde la 77 hasta la 79 y las calles 77 A con 64 A y 66, y la calle 77 entre 64 A y 66, que rodean el parque de la Ermita, en la colonia Centro.<\/p>\n\n\n\n<p>Para garantizar la preservaci\u00f3n de la integridad hist\u00f3rica de la zona, las obras se realizan con el cuidado requerido, marcando y registrando los adoquines que se levantan previo a su env\u00edo para resguardo y limpieza antes de que sean colocados de nuevo en el mismo sitio del que son retirados.<\/p>\n\n\n\n<p>Los adoquines son apilados y emplayados en tarimas de 320 piezas previo a su env\u00edo para su resguardo.<\/p>\n\n\n\n<p>Aprovechando el retiro de los adoquines y la conformaci\u00f3n de la base, tambi\u00e9n se realizar\u00e1n trabajos para mejorar el sistema de drenaje pluvial.<\/p>\n\n\n\n<p>El retiro de adoquines ser\u00e1 de forma manual, procurando el cuidado del material para su reutilizaci\u00f3n y adecuado resguardo.<\/p>\n\n\n\n<p>El paradero del sistema Va y Ven ruta Maxcan\u00fa, fue reubicado al Parque de San Juan, al igual que el sitio de taxis.<\/p>\n","protected":false},"excerpt":{"rendered":"<p>M\u00c9RIDA, Yucat\u00e1n.- El Ayuntamiento de M\u00e9rida trabajar\u00e1 en la rehabilitaci\u00f3n de 642.60 metros lineales de adoquines, equivalente, 4 mil 060.76 metros cuadrados en las calles 64 A y 64, desde<\/p>\n","protected":false},"author":2,"featured_media":140024,"comment_status":"open","ping_status":"open","sticky":false,"template":"","format":"standard","meta":{"jetpack_post_was_ever_published":false,"_jetpack_newsletter_access":"","_jetpack_dont_email_post_to_subs":false,"_jetpack_newsletter_tier_id":0,"_jetpack_memberships_contains_paywalled_content":false,"_jetpack_memberships_contains_paid_content":false,"footnotes":"","jetpack_publicize_message":"","jetpack_publicize_feature_enabled":true,"jetpack_social_post_already_shared":true,"jetpack_social_options":{"image_generator_settings":{"template":"highway","default_image_id":0,"font":"","enabled":false},"version":2}},"categories":[14],"tags":[],"class_list":["post-140022","post","type-post","status-publish","format-standard","has-post-thumbnail","hentry","category-merida"],"jetpack_publicize_connections":[],"jetpack_featured_media_url":"https:\/\/formalprision.com\/wp-content\/uploads\/2026\/04\/WhatsApp-Image-2026-04-27-at-6.26.56-PM.jpeg","jetpack_sharing_enabled":true,"jetpack_shortlink":"https:\/\/wp.me\/p6id8p-Aqq","_links":{"self":[{"href":"https:\/\/formalprision.com\/index.php?rest_route=\/wp\/v2\/posts\/140022","targetHints":{"allow":["GET"]}}],"collection":[{"href":"https:\/\/formalprision.com\/index.php?rest_route=\/wp\/v2\/posts"}],"about":[{"href":"https:\/\/formalprision.com\/index.php?rest_route=\/wp\/v2\/types\/post"}],"author":[{"embeddable":true,"href":"https:\/\/formalprision.com\/index.php?rest_route=\/wp\/v2\/users\/2"}],"replies":[{"embeddable":true,"href":"https:\/\/formalprision.com\/index.php?rest_route=%2Fwp%2Fv2%2Fcomments&post=140022"}],"version-history":[{"count":1,"href":"https:\/\/formalprision.com\/index.php?rest_route=\/wp\/v2\/posts\/140022\/revisions"}],"predecessor-version":[{"id":140023,"href":"https:\/\/formalprision.com\/index.php?rest_route=\/wp\/v2\/posts\/140022\/revisions\/140023"}],"wp:featuredmedia":[{"embeddable":true,"href":"https:\/\/formalprision.com\/index.php?rest_route=\/wp\/v2\/media\/140024"}],"wp:attachment":[{"href":"https:\/\/formalprision.com\/index.php?rest_route=%2Fwp%2Fv2%2Fmedia&parent=140022"}],"wp:term":[{"taxonomy":"category","embeddable":true,"href":"https:\/\/formalprision.com\/index.php?rest_route=%2Fwp%2Fv2%2Fcategories&post=140022"},{"taxonomy":"post_tag","embeddable":true,"href":"https:\/\/formalprision.com\/index.php?rest_route=%2Fwp%2Fv2%2Ftags&post=140022"}],"curies":[{"name":"wp","href":"https:\/\/api.w.org\/{rel}","templated":true}]}}