{"id":140031,"date":"2026-04-28T07:51:47","date_gmt":"2026-04-28T12:51:47","guid":{"rendered":"https:\/\/formalprision.com\/?p=140031"},"modified":"2026-04-28T08:48:02","modified_gmt":"2026-04-28T13:48:02","slug":"confirmado-habra-puente-escolar-del-1-al-5-de-mayo","status":"publish","type":"post","link":"https:\/\/formalprision.com\/?p=140031","title":{"rendered":"Confirmado: habr\u00e1 puente escolar del 1 al 5 de mayo"},"content":{"rendered":"\n<p>M\u00c9RIDA, Yucat\u00e1n.- En Yucat\u00e1n habr\u00e1 puente escolar del viernes 1 al martes 5 de mayo en Yucat\u00e1n, con motivo del D\u00eda del Trabajo y la Batalla de Puebla, adem\u00e1s del fin de semana y un d\u00eda adicional por sucesi\u00f3n de asueto.<\/p>\n\n\n\n<p>En Facebook Live de los lunes, el gobernador Joaqu\u00edn D\u00edaz Mena confirm\u00f3 el asueto de cinco d\u00edas. Las actividades educativas se retomar\u00e1n el mi\u00e9rcoles 6 de mayo.<\/p>\n\n\n\n<p>Las clases se suspender\u00e1n el viernes 1, el lunes 4 y el martes 5 de mayo. El lunes 4 de mayo, aunque no es festivo, se toma como d\u00eda de descanso adicional, a fin de favorecer la convivencia familiar y el bienestar de la comunidad educativa.<\/p>\n\n\n\n<p>Ser\u00e1 el puente m\u00e1s largo en el presente ciclo escolar.<\/p>\n","protected":false},"excerpt":{"rendered":"<p>M\u00c9RIDA, Yucat\u00e1n.- En Yucat\u00e1n habr\u00e1 puente escolar del viernes 1 al martes 5 de mayo en Yucat\u00e1n, con motivo del D\u00eda del Trabajo y la Batalla de Puebla, adem\u00e1s del<\/p>\n","protected":false},"author":2,"featured_media":140033,"comment_status":"open","ping_status":"open","sticky":false,"template":"","format":"standard","meta":{"jetpack_post_was_ever_published":false,"_jetpack_newsletter_access":"","_jetpack_dont_email_post_to_subs":false,"_jetpack_newsletter_tier_id":0,"_jetpack_memberships_contains_paywalled_content":false,"_jetpack_memberships_contains_paid_content":false,"footnotes":"","jetpack_publicize_message":"","jetpack_publicize_feature_enabled":true,"jetpack_social_post_already_shared":true,"jetpack_social_options":{"image_generator_settings":{"template":"highway","default_image_id":0,"font":"","enabled":false},"version":2}},"categories":[1589],"tags":[],"class_list":["post-140031","post","type-post","status-publish","format-standard","has-post-thumbnail","hentry","category-rotador-inferior"],"jetpack_publicize_connections":[],"jetpack_featured_media_url":"https:\/\/formalprision.com\/wp-content\/uploads\/2026\/04\/mega1.jpg","jetpack_sharing_enabled":true,"jetpack_shortlink":"https:\/\/wp.me\/p6id8p-Aqz","_links":{"self":[{"href":"https:\/\/formalprision.com\/index.php?rest_route=\/wp\/v2\/posts\/140031","targetHints":{"allow":["GET"]}}],"collection":[{"href":"https:\/\/formalprision.com\/index.php?rest_route=\/wp\/v2\/posts"}],"about":[{"href":"https:\/\/formalprision.com\/index.php?rest_route=\/wp\/v2\/types\/post"}],"author":[{"embeddable":true,"href":"https:\/\/formalprision.com\/index.php?rest_route=\/wp\/v2\/users\/2"}],"replies":[{"embeddable":true,"href":"https:\/\/formalprision.com\/index.php?rest_route=%2Fwp%2Fv2%2Fcomments&post=140031"}],"version-history":[{"count":1,"href":"https:\/\/formalprision.com\/index.php?rest_route=\/wp\/v2\/posts\/140031\/revisions"}],"predecessor-version":[{"id":140032,"href":"https:\/\/formalprision.com\/index.php?rest_route=\/wp\/v2\/posts\/140031\/revisions\/140032"}],"wp:featuredmedia":[{"embeddable":true,"href":"https:\/\/formalprision.com\/index.php?rest_route=\/wp\/v2\/media\/140033"}],"wp:attachment":[{"href":"https:\/\/formalprision.com\/index.php?rest_route=%2Fwp%2Fv2%2Fmedia&parent=140031"}],"wp:term":[{"taxonomy":"category","embeddable":true,"href":"https:\/\/formalprision.com\/index.php?rest_route=%2Fwp%2Fv2%2Fcategories&post=140031"},{"taxonomy":"post_tag","embeddable":true,"href":"https:\/\/formalprision.com\/index.php?rest_route=%2Fwp%2Fv2%2Ftags&post=140031"}],"curies":[{"name":"wp","href":"https:\/\/api.w.org\/{rel}","templated":true}]}}