{"id":140040,"date":"2026-04-28T16:10:58","date_gmt":"2026-04-28T21:10:58","guid":{"rendered":"https:\/\/formalprision.com\/?p=140040"},"modified":"2026-04-28T16:10:58","modified_gmt":"2026-04-28T21:10:58","slug":"con-apoyo-de-cecilia-patron-100-meridanas-inician-una-carrera-con-educacion-universitaria-para-las-mujeres","status":"publish","type":"post","link":"https:\/\/formalprision.com\/?p=140040","title":{"rendered":"Con apoyo de Cecilia Patr\u00f3n, 100 meridanas inician una carrera con Educaci\u00f3n Universitaria para las Mujeres"},"content":{"rendered":"\n<p>M\u00c9RIDA, Yucat\u00e1n.- Con el objetivo de promover la autonom\u00eda econ\u00f3mica y el empoderamiento de las mujeres, la presidenta municipal Cecilia Patr\u00f3n Laviada encabez\u00f3 la entrega de claves de acceso del programa \u201cEducaci\u00f3n Universitaria para las Mujeres\u201d, estrategia que busca ampliar las oportunidades de formaci\u00f3n profesional para las meridanas y fortalecer su inserci\u00f3n en el mercado laboral, el autoempleo y su desarrollo personal.<\/p>\n\n\n\n<p>Acompa\u00f1ada de la directora del Instituto de las Mujeres, Yahayra Centeno Ceballos, la alcaldesa reafirm\u00f3 que este esfuerzo, integrado a la estrategia M\u00e9rida Campus Digital, responde al compromiso de su administraci\u00f3n de estar cerca de las mujeres, brind\u00e1ndoles herramientas, espacios y respaldo integral incluyendo apoyo tecnol\u00f3gico y cuidado infantil para que puedan concluir sus estudios, fortaleciendo as\u00ed su futuro profesional y el de sus familias.<\/p>\n\n\n\n<p>\u201cHoy encendemos juntas un faro que ilumina su camino al desarrollo profesional, porque creemos en ustedes y en todo su potencial. Muchas de ustedes pausaron sus sue\u00f1os por su familia, hoy es el momento de retomarlos y hacerlo tambi\u00e9n por quienes no pudieron\u201d, expres\u00f3.<\/p>\n\n\n\n<p>Subray\u00f3 que cien mujeres, seleccionadas entre m\u00e1s de mil aspirantes, inician una nueva etapa formativa en diversas licenciaturas, gracias a una oportunidad gratuita, accesible y acompa\u00f1ada acad\u00e9micamente<\/p>\n\n\n\n<p>En esta primera edici\u00f3n se otorgaron cien espacios para cursar una de cuatro licenciaturas disponibles: Administraci\u00f3n Empresarial, Contadur\u00eda y Finanzas, Mercadotecnia Estrat\u00e9gica e Ingenier\u00eda de Software y Sistemas Computacionales, mediante un modelo educativo dise\u00f1ado para responder a las necesidades actuales de las participantes.<\/p>\n\n\n\n<p>Para facilitar la permanencia de las participantes, el programa incluir\u00e1 un espacio l\u00fadico dirigido a hijas e hijos de entre 2 y 7 a\u00f1os, disponible de lunes a viernes de 8:00 a 18:30 horas y los s\u00e1bados de 10:00 a 17:00 horas, brindando un respaldo adicional para quienes tambi\u00e9n ejercen labores de cuidado.<\/p>\n\n\n\n<p>\u201cEn M\u00e9rida no est\u00e1n solas, tienen el respaldo de su Ayuntamiento para alcanzar sus metas y transformar su futuro porque ser madre no es un l\u00edmite, es una inspiraci\u00f3n para crecer y aqu\u00ed les estamos dando las herramientas para que lleguen m\u00e1s lejos\u201d, asegur\u00f3.<\/p>\n\n\n\n<p>Por su parte, la directora del Instituto de las Mujeres, Yahayra Centeno, explic\u00f3 que el programa contempla una modalidad cuatrimestral, h\u00edbrida y autogestiva, con una duraci\u00f3n estimada de tres a\u00f1os. Adem\u00e1s, contar\u00e1n con acceso a un espacio equipado con 20 computadoras, facilitando as\u00ed las condiciones necesarias para su aprendizaje.<\/p>\n\n\n\n<p>El modelo educativo contempla acompa\u00f1amiento acad\u00e9mico presencial obligatorio, con asesor\u00edas una vez por semana (cuatro al mes), garantizando as\u00ed un seguimiento constante. Asimismo, recibir\u00e1n orientaci\u00f3n para de fortalecer sus h\u00e1bitos de estudio.<\/p>\n\n\n\n<p>El programa cuenta con validez oficial ante la SEP y el respaldo del Instituto de las Mujeres, brindando un acompa\u00f1amiento integral durante todo el proceso formativo.<\/p>\n\n\n\n<p>La convocatoria del programa registr\u00f3 a 1 mil 334 mujeres, de las cuales fueron seleccionadas cien beneficiarias. La selecci\u00f3n se realiz\u00f3 con base en el cumplimiento de requisitos establecidos en la convocatoria, as\u00ed como en la informaci\u00f3n recabada a trav\u00e9s de la C\u00e9dula de Informaci\u00f3n Socioecon\u00f3mica y de Vulnerabilidad Interseccional.<\/p>\n\n\n\n<p>Debido a la alta demanda, se prioriz\u00f3 a mujeres con hijas e hijos menores de edad y madres aut\u00f3nomas, adem\u00e1s de considerar criterios obtenidos durante las entrevistas.<\/p>\n\n\n\n<p>Los resultados se publicaron el 20 de abril en la p\u00e1gina web de M\u00e9rida Campus Digital y en las redes sociales del Instituto de las Mujeres. De acuerdo con el calendario establecido, el 25 de abril se llev\u00f3 a cabo la recepci\u00f3n de documentos originales para formalizar el proceso de inscripci\u00f3n.<\/p>\n\n\n\n<p>El inicio de clases est\u00e1 programado para el 4 de mayo, fecha en la que tambi\u00e9n se realizar\u00e1 la apertura de la plataforma para las alumnas seleccionadas.<\/p>\n\n\n\n<p>En el evento estuvieron Mar\u00eda Cristina Castillo Espinosa, s\u00edndica Municipal; Flora Zapata Mendiolea, coordinadora general de Justicia Social y Desarrollo Humano; Javier Francisco Cetina \u00c1vila, director Grupo KX, y Hugo Casarrubias P\u00e9rez, director regional UNID.<\/p>\n","protected":false},"excerpt":{"rendered":"<p>M\u00c9RIDA, Yucat\u00e1n.- Con el objetivo de promover la autonom\u00eda econ\u00f3mica y el empoderamiento de las mujeres, la presidenta municipal Cecilia Patr\u00f3n Laviada encabez\u00f3 la entrega de claves de acceso del<\/p>\n","protected":false},"author":2,"featured_media":140042,"comment_status":"open","ping_status":"open","sticky":false,"template":"","format":"standard","meta":{"jetpack_post_was_ever_published":false,"_jetpack_newsletter_access":"","_jetpack_dont_email_post_to_subs":false,"_jetpack_newsletter_tier_id":0,"_jetpack_memberships_contains_paywalled_content":false,"_jetpack_memberships_contains_paid_content":false,"footnotes":"","jetpack_publicize_message":"","jetpack_publicize_feature_enabled":true,"jetpack_social_post_already_shared":true,"jetpack_social_options":{"image_generator_settings":{"template":"highway","default_image_id":0,"font":"","enabled":false},"version":2}},"categories":[14],"tags":[],"class_list":["post-140040","post","type-post","status-publish","format-standard","has-post-thumbnail","hentry","category-merida"],"jetpack_publicize_connections":[],"jetpack_featured_media_url":"https:\/\/formalprision.com\/wp-content\/uploads\/2026\/04\/WhatsApp-Image-2026-04-28-at-2.07.36-PM1.jpeg","jetpack_sharing_enabled":true,"jetpack_shortlink":"https:\/\/wp.me\/p6id8p-AqI","_links":{"self":[{"href":"https:\/\/formalprision.com\/index.php?rest_route=\/wp\/v2\/posts\/140040","targetHints":{"allow":["GET"]}}],"collection":[{"href":"https:\/\/formalprision.com\/index.php?rest_route=\/wp\/v2\/posts"}],"about":[{"href":"https:\/\/formalprision.com\/index.php?rest_route=\/wp\/v2\/types\/post"}],"author":[{"embeddable":true,"href":"https:\/\/formalprision.com\/index.php?rest_route=\/wp\/v2\/users\/2"}],"replies":[{"embeddable":true,"href":"https:\/\/formalprision.com\/index.php?rest_route=%2Fwp%2Fv2%2Fcomments&post=140040"}],"version-history":[{"count":1,"href":"https:\/\/formalprision.com\/index.php?rest_route=\/wp\/v2\/posts\/140040\/revisions"}],"predecessor-version":[{"id":140041,"href":"https:\/\/formalprision.com\/index.php?rest_route=\/wp\/v2\/posts\/140040\/revisions\/140041"}],"wp:featuredmedia":[{"embeddable":true,"href":"https:\/\/formalprision.com\/index.php?rest_route=\/wp\/v2\/media\/140042"}],"wp:attachment":[{"href":"https:\/\/formalprision.com\/index.php?rest_route=%2Fwp%2Fv2%2Fmedia&parent=140040"}],"wp:term":[{"taxonomy":"category","embeddable":true,"href":"https:\/\/formalprision.com\/index.php?rest_route=%2Fwp%2Fv2%2Fcategories&post=140040"},{"taxonomy":"post_tag","embeddable":true,"href":"https:\/\/formalprision.com\/index.php?rest_route=%2Fwp%2Fv2%2Ftags&post=140040"}],"curies":[{"name":"wp","href":"https:\/\/api.w.org\/{rel}","templated":true}]}}