{"id":140074,"date":"2026-04-29T16:01:24","date_gmt":"2026-04-29T21:01:24","guid":{"rendered":"https:\/\/formalprision.com\/?p=140074"},"modified":"2026-04-29T16:01:24","modified_gmt":"2026-04-29T21:01:24","slug":"dif-merida-y-el-centro-de-investigacion-cientifica-de-yucatan-fortalecen-alianza-en-beneficio-de-la-comunidad","status":"publish","type":"post","link":"https:\/\/formalprision.com\/?p=140074","title":{"rendered":"DIF M\u00e9rida y el Centro de Investigaci\u00f3n Cient\u00edfica de Yucat\u00e1n fortalecen alianza en beneficio de la comunidad"},"content":{"rendered":"\n<p>M\u00c9RIDA, Yucat\u00e1n.- El DIF Municipal de M\u00e9rida llev\u00f3 a cabo la firma de una carta de intenci\u00f3n con el Centro de Investigaci\u00f3n Cient\u00edfica de Yucat\u00e1n, A.C. (CICY), con el objetivo de fortalecer el trabajo coordinado y generar acciones conjuntas en beneficio de la ciudadan\u00eda.<\/p>\n\n\n\n<p>Este acuerdo impulsado por la presidenta municipal Cecilia Patr\u00f3n Laviada, promueve la vinculaci\u00f3n entre la Direcci\u00f3n del DIF Municipal y las distintas \u00e1reas del CICY, incentivando estrategias que contribuyan al desarrollo social, la inclusi\u00f3n y el bienestar de diversos sectores de la poblaci\u00f3n.<\/p>\n\n\n\n<p>Como parte de esta colaboraci\u00f3n, se contempla la realizaci\u00f3n de talleres y capacitaciones dirigidas a los clubes de personas mayores \u201cViva la Vida\u201d, as\u00ed como visitas al jard\u00edn bot\u00e1nico del CICY. De igual manera, a trav\u00e9s del Departamento de Atenci\u00f3n a Personas con Discapacidad del DIF M\u00e9rida, se brindar\u00e1n talleres de inclusi\u00f3n y sensibilizaci\u00f3n en temas de discapacidad al personal del Centro de Investigaci\u00f3n.<\/p>\n\n\n\n<p>El director del DIF M\u00e9rida, Gerardo L\u00f3pez Fern\u00e1ndez, destac\u00f3 la importancia de generar alianzas estrat\u00e9gicas que permitan mejorar la calidad de vida de los ciudadanos. Se\u00f1al\u00f3 que el trabajo colaborativo siempre tendr\u00e1 un impacto positivo en la vida de las personas, fortaleciendo la inclusi\u00f3n y consolidando servicios que respondan a la confianza de la ciudadan\u00eda. Asimismo, reiter\u00f3 el compromiso del Ayuntamiento de M\u00e9rida de continuar impulsando acciones que promuevan la mejora continua y el bienestar social.<\/p>\n\n\n\n<p>Por su parte, la directora general del CICY, Maira Rub\u00ed Segura Campos, agradeci\u00f3 la formalizaci\u00f3n de este trabajo conjunto con el Ayuntamiento de M\u00e9rida, encabezado por Cecilia Patr\u00f3n Laviada. Subray\u00f3 que la suma de esfuerzos entre ambas instituciones permitir\u00e1 generar resultados positivos y consolidar acciones que impacten de manera directa en la calidad de vida de la poblaci\u00f3n.<\/p>\n\n\n\n<p>Con estas acciones, el Ayuntamiento de M\u00e9rida reafirma su compromiso de seguir construyendo alianzas estrat\u00e9gicas que impulsen el desarrollo integral de las familias, promoviendo una ciudad m\u00e1s inclusiva, solidaria y con mayores oportunidades para todos.<\/p>\n","protected":false},"excerpt":{"rendered":"<p>M\u00c9RIDA, Yucat\u00e1n.- El DIF Municipal de M\u00e9rida llev\u00f3 a cabo la firma de una carta de intenci\u00f3n con el Centro de Investigaci\u00f3n Cient\u00edfica de Yucat\u00e1n, A.C. (CICY), con el objetivo<\/p>\n","protected":false},"author":2,"featured_media":140076,"comment_status":"open","ping_status":"open","sticky":false,"template":"","format":"standard","meta":{"jetpack_post_was_ever_published":false,"_jetpack_newsletter_access":"","_jetpack_dont_email_post_to_subs":false,"_jetpack_newsletter_tier_id":0,"_jetpack_memberships_contains_paywalled_content":false,"_jetpack_memberships_contains_paid_content":false,"footnotes":"","jetpack_publicize_message":"","jetpack_publicize_feature_enabled":true,"jetpack_social_post_already_shared":true,"jetpack_social_options":{"image_generator_settings":{"template":"highway","default_image_id":0,"font":"","enabled":false},"version":2}},"categories":[14],"tags":[],"class_list":["post-140074","post","type-post","status-publish","format-standard","has-post-thumbnail","hentry","category-merida"],"jetpack_publicize_connections":[],"jetpack_featured_media_url":"https:\/\/formalprision.com\/wp-content\/uploads\/2026\/04\/WhatsApp-Image-2026-04-29-at-2.53.47-PM.jpeg","jetpack_sharing_enabled":true,"jetpack_shortlink":"https:\/\/wp.me\/p6id8p-Arg","_links":{"self":[{"href":"https:\/\/formalprision.com\/index.php?rest_route=\/wp\/v2\/posts\/140074","targetHints":{"allow":["GET"]}}],"collection":[{"href":"https:\/\/formalprision.com\/index.php?rest_route=\/wp\/v2\/posts"}],"about":[{"href":"https:\/\/formalprision.com\/index.php?rest_route=\/wp\/v2\/types\/post"}],"author":[{"embeddable":true,"href":"https:\/\/formalprision.com\/index.php?rest_route=\/wp\/v2\/users\/2"}],"replies":[{"embeddable":true,"href":"https:\/\/formalprision.com\/index.php?rest_route=%2Fwp%2Fv2%2Fcomments&post=140074"}],"version-history":[{"count":1,"href":"https:\/\/formalprision.com\/index.php?rest_route=\/wp\/v2\/posts\/140074\/revisions"}],"predecessor-version":[{"id":140075,"href":"https:\/\/formalprision.com\/index.php?rest_route=\/wp\/v2\/posts\/140074\/revisions\/140075"}],"wp:featuredmedia":[{"embeddable":true,"href":"https:\/\/formalprision.com\/index.php?rest_route=\/wp\/v2\/media\/140076"}],"wp:attachment":[{"href":"https:\/\/formalprision.com\/index.php?rest_route=%2Fwp%2Fv2%2Fmedia&parent=140074"}],"wp:term":[{"taxonomy":"category","embeddable":true,"href":"https:\/\/formalprision.com\/index.php?rest_route=%2Fwp%2Fv2%2Fcategories&post=140074"},{"taxonomy":"post_tag","embeddable":true,"href":"https:\/\/formalprision.com\/index.php?rest_route=%2Fwp%2Fv2%2Ftags&post=140074"}],"curies":[{"name":"wp","href":"https:\/\/api.w.org\/{rel}","templated":true}]}}