{"id":140101,"date":"2026-04-30T08:26:14","date_gmt":"2026-04-30T13:26:14","guid":{"rendered":"https:\/\/formalprision.com\/?p=140101"},"modified":"2026-04-30T08:26:14","modified_gmt":"2026-04-30T13:26:14","slug":"segey-atiende-queja-de-alumnas-del-plantel-azteca-2","status":"publish","type":"post","link":"https:\/\/formalprision.com\/?p=140101","title":{"rendered":"Segey atiende queja de alumnas del Plantel Azteca 2"},"content":{"rendered":"\n<p>M\u00c9RIDA, Yucat\u00e1n.- Tras la protestas de alumnas de primer grado de la Preparatoria Estatal No. 13 (conocida como Plantel Azteca M\u00e9rida 2), la Secretar\u00eda de Educaci\u00f3n del Gobierno del Estado de Yucat\u00e1n (Segey) atendi\u00f3 la denuncia de las agraviadas, presentada el 26 de marzo, y activ\u00f3 los protocolos correspondientes, se notific\u00f3 a las autoridades competentes y activaron medidas de protecci\u00f3n y acompa\u00f1amiento para las estudiantes afectadas, y para garantizar el debido proceso para los acusados.<\/p>\n\n\n\n<p>Como informamos, las estudiantes protestaron por la falta de acci\u00f3n de las autoridades del plantel, de la Segey y de la Fiscal\u00eda para proceder contra los alumnos que tomaron fotos de sus compa\u00f1eras, con \u00e9nfasis en sus partes \u00edntimas, y las difundieron v\u00eda redes sociales. Algunas de las im\u00e1genes las alteraron para hacerlas ver m\u00e1s er\u00f3ticas.<\/p>\n\n\n\n<p>Hechos y acciones<\/p>\n\n\n\n<p>\u2022Centro educativo: Preparatoria Estatal No. 13 \u201cPlantel Azteca, M\u00e9rida 2\u201d.<\/p>\n\n\n\n<p>\u2022Acciones institucionales: Se levant\u00f3 el protocolo de actuaci\u00f3n y el acta correspondiente, se integraron expedientes conforme al Protocolo de Actuaci\u00f3n ante Situaciones de Violencia Detectadas o Cometidas en contra de Ni\u00f1as, y Adolescentes en los Planteles, y se inform\u00f3 a madres y padres de las alumnas afectadas.<\/p>\n\n\n\n<p>\u2022Remisi\u00f3n a autoridades: Se dio vista a la Fiscal\u00eda General del Estado y a la Procuradur\u00eda de Protecci\u00f3n de Ni\u00f1as y Adolescentes del Estado de Yucat\u00e1n.<\/p>\n\n\n\n<p>\u2022Medidas preventivas y acompa\u00f1amiento: Los alumnos acusados fueron separados de los espacios en com\u00fan con las v\u00edctimas, continuado con su proceso educativo en aulas diferentes, garantizando su derecho a la educaci\u00f3n.<\/p>\n\n\n\n<p>Se implementan pl\u00e1ticas y talleres, acompa\u00f1amiento psicol\u00f3gico para las alumnas afectadas y supervisi\u00f3n de espacios escolares sensibles, adem\u00e1s de medidas complementarias bajo observancia de los derechos humanos de los adolescentes.<\/p>\n","protected":false},"excerpt":{"rendered":"<p>M\u00c9RIDA, Yucat\u00e1n.- Tras la protestas de alumnas de primer grado de la Preparatoria Estatal No. 13 (conocida como Plantel Azteca M\u00e9rida 2), la Secretar\u00eda de Educaci\u00f3n del Gobierno del Estado<\/p>\n","protected":false},"author":2,"featured_media":140103,"comment_status":"open","ping_status":"open","sticky":false,"template":"","format":"standard","meta":{"jetpack_post_was_ever_published":false,"_jetpack_newsletter_access":"","_jetpack_dont_email_post_to_subs":false,"_jetpack_newsletter_tier_id":0,"_jetpack_memberships_contains_paywalled_content":false,"_jetpack_memberships_contains_paid_content":false,"footnotes":"","jetpack_publicize_message":"","jetpack_publicize_feature_enabled":true,"jetpack_social_post_already_shared":true,"jetpack_social_options":{"image_generator_settings":{"template":"highway","default_image_id":0,"font":"","enabled":false},"version":2}},"categories":[54],"tags":[],"class_list":["post-140101","post","type-post","status-publish","format-standard","has-post-thumbnail","hentry","category-yucatan"],"jetpack_publicize_connections":[],"jetpack_featured_media_url":"https:\/\/formalprision.com\/wp-content\/uploads\/2026\/04\/vio.jpg","jetpack_sharing_enabled":true,"jetpack_shortlink":"https:\/\/wp.me\/p6id8p-ArH","_links":{"self":[{"href":"https:\/\/formalprision.com\/index.php?rest_route=\/wp\/v2\/posts\/140101","targetHints":{"allow":["GET"]}}],"collection":[{"href":"https:\/\/formalprision.com\/index.php?rest_route=\/wp\/v2\/posts"}],"about":[{"href":"https:\/\/formalprision.com\/index.php?rest_route=\/wp\/v2\/types\/post"}],"author":[{"embeddable":true,"href":"https:\/\/formalprision.com\/index.php?rest_route=\/wp\/v2\/users\/2"}],"replies":[{"embeddable":true,"href":"https:\/\/formalprision.com\/index.php?rest_route=%2Fwp%2Fv2%2Fcomments&post=140101"}],"version-history":[{"count":1,"href":"https:\/\/formalprision.com\/index.php?rest_route=\/wp\/v2\/posts\/140101\/revisions"}],"predecessor-version":[{"id":140102,"href":"https:\/\/formalprision.com\/index.php?rest_route=\/wp\/v2\/posts\/140101\/revisions\/140102"}],"wp:featuredmedia":[{"embeddable":true,"href":"https:\/\/formalprision.com\/index.php?rest_route=\/wp\/v2\/media\/140103"}],"wp:attachment":[{"href":"https:\/\/formalprision.com\/index.php?rest_route=%2Fwp%2Fv2%2Fmedia&parent=140101"}],"wp:term":[{"taxonomy":"category","embeddable":true,"href":"https:\/\/formalprision.com\/index.php?rest_route=%2Fwp%2Fv2%2Fcategories&post=140101"},{"taxonomy":"post_tag","embeddable":true,"href":"https:\/\/formalprision.com\/index.php?rest_route=%2Fwp%2Fv2%2Ftags&post=140101"}],"curies":[{"name":"wp","href":"https:\/\/api.w.org\/{rel}","templated":true}]}}