{"id":140104,"date":"2026-04-30T09:15:55","date_gmt":"2026-04-30T14:15:55","guid":{"rendered":"https:\/\/formalprision.com\/?p=140104"},"modified":"2026-04-30T09:15:55","modified_gmt":"2026-04-30T14:15:55","slug":"reporte-de-avances-y-proximas-fases-del-puerto-de-altura-de-progreso","status":"publish","type":"post","link":"https:\/\/formalprision.com\/?p=140104","title":{"rendered":"Reporte de avances y pr\u00f3ximas fases del Puerto de Altura de Progreso"},"content":{"rendered":"\n<p>Ciudad de M\u00e9xico, a 30 de abril de 2026 -El gobernador Joaqu\u00edn D\u00edaz Mena sostuvo una reuni\u00f3n de trabajo con el secretario de Marina, Raymundo Pedro Morales \u00c1ngeles, para dar continuidad al desarrollo del Proyecto de Ampliaci\u00f3n y Modernizaci\u00f3n del Puerto de Altura de Progreso, una de las principales obras estrat\u00e9gicas para el crecimiento econ\u00f3mico del estado.<br>&nbsp;<br>Durante el encuentro, se revisaron los avances de la Etapa 1, pr\u00f3xima a concluir, as\u00ed como la planeaci\u00f3n de las Etapas 2 y 3, que permitir\u00e1n fortalecer la infraestructura portuaria y consolidar a Yucat\u00e1n como un nodo log\u00edstico de alcance internacional.<br>&nbsp;<br>D\u00edaz Mena destac\u00f3 que este proyecto representa una de las inversiones m\u00e1s relevantes de las \u00faltimas d\u00e9cadas, al permitir la llegada de embarcaciones de mayor calado, el incremento en la capacidad de carga y el impulso al comercio exterior, posicionando a Progreso como puerta estrat\u00e9gica hacia Estados Unidos, el Caribe, Centroam\u00e9rica y Europa.<br>&nbsp;<br>Por su parte, el secretario de Marina, reafirm\u00f3 el respaldo del Gobierno de M\u00e9xico y la disposici\u00f3n de mantener una coordinaci\u00f3n permanente con la administraci\u00f3n que encabeza D\u00edaz Mena para asegurar el cumplimiento de los objetivos establecidos.<br>&nbsp;<\/p>\n","protected":false},"excerpt":{"rendered":"<p>Ciudad de M\u00e9xico, a 30 de abril de 2026 -El gobernador Joaqu\u00edn D\u00edaz Mena sostuvo una reuni\u00f3n de trabajo con el secretario de Marina, Raymundo Pedro Morales \u00c1ngeles, para dar<\/p>\n","protected":false},"author":1,"featured_media":140105,"comment_status":"open","ping_status":"open","sticky":false,"template":"","format":"standard","meta":{"jetpack_post_was_ever_published":false,"_jetpack_newsletter_access":"","_jetpack_dont_email_post_to_subs":false,"_jetpack_newsletter_tier_id":0,"_jetpack_memberships_contains_paywalled_content":false,"_jetpack_memberships_contains_paid_content":false,"footnotes":"","jetpack_publicize_message":"","jetpack_publicize_feature_enabled":true,"jetpack_social_post_already_shared":true,"jetpack_social_options":{"image_generator_settings":{"template":"highway","default_image_id":0,"font":"","enabled":false},"version":2}},"categories":[14],"tags":[],"class_list":["post-140104","post","type-post","status-publish","format-standard","has-post-thumbnail","hentry","category-merida"],"jetpack_publicize_connections":[],"jetpack_featured_media_url":"https:\/\/formalprision.com\/wp-content\/uploads\/2026\/04\/IMG-20260430-WA0014.jpg","jetpack_sharing_enabled":true,"jetpack_shortlink":"https:\/\/wp.me\/p6id8p-ArK","_links":{"self":[{"href":"https:\/\/formalprision.com\/index.php?rest_route=\/wp\/v2\/posts\/140104","targetHints":{"allow":["GET"]}}],"collection":[{"href":"https:\/\/formalprision.com\/index.php?rest_route=\/wp\/v2\/posts"}],"about":[{"href":"https:\/\/formalprision.com\/index.php?rest_route=\/wp\/v2\/types\/post"}],"author":[{"embeddable":true,"href":"https:\/\/formalprision.com\/index.php?rest_route=\/wp\/v2\/users\/1"}],"replies":[{"embeddable":true,"href":"https:\/\/formalprision.com\/index.php?rest_route=%2Fwp%2Fv2%2Fcomments&post=140104"}],"version-history":[{"count":1,"href":"https:\/\/formalprision.com\/index.php?rest_route=\/wp\/v2\/posts\/140104\/revisions"}],"predecessor-version":[{"id":140106,"href":"https:\/\/formalprision.com\/index.php?rest_route=\/wp\/v2\/posts\/140104\/revisions\/140106"}],"wp:featuredmedia":[{"embeddable":true,"href":"https:\/\/formalprision.com\/index.php?rest_route=\/wp\/v2\/media\/140105"}],"wp:attachment":[{"href":"https:\/\/formalprision.com\/index.php?rest_route=%2Fwp%2Fv2%2Fmedia&parent=140104"}],"wp:term":[{"taxonomy":"category","embeddable":true,"href":"https:\/\/formalprision.com\/index.php?rest_route=%2Fwp%2Fv2%2Fcategories&post=140104"},{"taxonomy":"post_tag","embeddable":true,"href":"https:\/\/formalprision.com\/index.php?rest_route=%2Fwp%2Fv2%2Ftags&post=140104"}],"curies":[{"name":"wp","href":"https:\/\/api.w.org\/{rel}","templated":true}]}}