{"id":140107,"date":"2026-04-30T10:28:58","date_gmt":"2026-04-30T15:28:58","guid":{"rendered":"https:\/\/formalprision.com\/?p=140107"},"modified":"2026-04-30T10:28:58","modified_gmt":"2026-04-30T15:28:58","slug":"enterate-que-servicios-tiene-disponibles-el-ayuntamiento-de-merida-por-el-dia-del-trabajo-y-el-5-de-mayo","status":"publish","type":"post","link":"https:\/\/formalprision.com\/?p=140107","title":{"rendered":"Ent\u00e9rate qu\u00e9 servicios tiene disponibles el Ayuntamiento de M\u00e9rida por el D\u00eda del Trabajo y el 5 de mayo"},"content":{"rendered":"\n<p>M\u00c9RIDA, Yucat\u00e1n.- El viernes 1 y martes 5 de mayo, con motivo de la conmemoraci\u00f3n del D\u00eda del Trabajo y de la Batalla de Puebla, respectivamente, el Ayuntamiento de M\u00e9rida informa sobre la disposici\u00f3n de servicios municipales y oficinas durante esos d\u00edas.<\/p>\n\n\n\n<p>Las oficinas municipales suspender\u00e1n labores.<\/p>\n\n\n\n<p>La Atenci\u00f3n telef\u00f3nica a trav\u00e9s de Ayuntatel laborar\u00e1 en un horario de 8:30 a.m. a 1:30 p.m, mientras que la atenci\u00f3n presencial del M\u00f3dulo en los bajos del Palacio Municipal permanecer\u00e1 cerrada. La atenci\u00f3n en l\u00ednea ser\u00e1 de 8:30 a.m a 1:30 p.m. y el Chat Ciudadano de 9 a.m. a 1 p.m.<\/p>\n\n\n\n<p>Los servicios esenciales de aseo urbano de la Direcci\u00f3n de Servicios P\u00fablicos atender\u00e1n el primer cuadro de la ciudad laborando con personal de guardia.<\/p>\n\n\n\n<p>Los zool\u00f3gicos Centenario y Animaya permanecer\u00e1n cerrados al igual que los museos y centros culturales, mientras los eventos culturales de la Semana Meridana se mantendr\u00e1n con normalidad.<\/p>\n\n\n\n<p>El servicio de recolecci\u00f3n de residuos s\u00f3lidos de las empresas Sana, Pamplona, Corbase y Servilimpia mantendr\u00e1n sus horarios habituales.<\/p>\n\n\n\n<p>Las oficinas de atenci\u00f3n ciudadana de Panteones Municipales laborar\u00e1 de 8:00 a.m. a 3:00 p.m. y los Servicios Funerarios operar\u00e1n con normalidad las 24 horas del d\u00eda.<\/p>\n\n\n\n<p>Para mayor informaci\u00f3n de tr\u00e1mites y horarios consulta merida.gob.mx<\/p>\n","protected":false},"excerpt":{"rendered":"<p>M\u00c9RIDA, Yucat\u00e1n.- El viernes 1 y martes 5 de mayo, con motivo de la conmemoraci\u00f3n del D\u00eda del Trabajo y de la Batalla de Puebla, respectivamente, el Ayuntamiento de M\u00e9rida<\/p>\n","protected":false},"author":2,"featured_media":140109,"comment_status":"open","ping_status":"open","sticky":false,"template":"","format":"standard","meta":{"jetpack_post_was_ever_published":false,"_jetpack_newsletter_access":"","_jetpack_dont_email_post_to_subs":false,"_jetpack_newsletter_tier_id":0,"_jetpack_memberships_contains_paywalled_content":false,"_jetpack_memberships_contains_paid_content":false,"footnotes":"","jetpack_publicize_message":"","jetpack_publicize_feature_enabled":true,"jetpack_social_post_already_shared":true,"jetpack_social_options":{"image_generator_settings":{"template":"highway","default_image_id":0,"font":"","enabled":false},"version":2}},"categories":[14],"tags":[],"class_list":["post-140107","post","type-post","status-publish","format-standard","has-post-thumbnail","hentry","category-merida"],"jetpack_publicize_connections":[],"jetpack_featured_media_url":"https:\/\/formalprision.com\/wp-content\/uploads\/2026\/04\/palacio.jpg","jetpack_sharing_enabled":true,"jetpack_shortlink":"https:\/\/wp.me\/p6id8p-ArN","_links":{"self":[{"href":"https:\/\/formalprision.com\/index.php?rest_route=\/wp\/v2\/posts\/140107","targetHints":{"allow":["GET"]}}],"collection":[{"href":"https:\/\/formalprision.com\/index.php?rest_route=\/wp\/v2\/posts"}],"about":[{"href":"https:\/\/formalprision.com\/index.php?rest_route=\/wp\/v2\/types\/post"}],"author":[{"embeddable":true,"href":"https:\/\/formalprision.com\/index.php?rest_route=\/wp\/v2\/users\/2"}],"replies":[{"embeddable":true,"href":"https:\/\/formalprision.com\/index.php?rest_route=%2Fwp%2Fv2%2Fcomments&post=140107"}],"version-history":[{"count":1,"href":"https:\/\/formalprision.com\/index.php?rest_route=\/wp\/v2\/posts\/140107\/revisions"}],"predecessor-version":[{"id":140108,"href":"https:\/\/formalprision.com\/index.php?rest_route=\/wp\/v2\/posts\/140107\/revisions\/140108"}],"wp:featuredmedia":[{"embeddable":true,"href":"https:\/\/formalprision.com\/index.php?rest_route=\/wp\/v2\/media\/140109"}],"wp:attachment":[{"href":"https:\/\/formalprision.com\/index.php?rest_route=%2Fwp%2Fv2%2Fmedia&parent=140107"}],"wp:term":[{"taxonomy":"category","embeddable":true,"href":"https:\/\/formalprision.com\/index.php?rest_route=%2Fwp%2Fv2%2Fcategories&post=140107"},{"taxonomy":"post_tag","embeddable":true,"href":"https:\/\/formalprision.com\/index.php?rest_route=%2Fwp%2Fv2%2Ftags&post=140107"}],"curies":[{"name":"wp","href":"https:\/\/api.w.org\/{rel}","templated":true}]}}