{"id":140117,"date":"2026-04-30T21:33:29","date_gmt":"2026-05-01T02:33:29","guid":{"rendered":"https:\/\/formalprision.com\/?p=140117"},"modified":"2026-04-30T21:34:04","modified_gmt":"2026-05-01T02:34:04","slug":"entre-alegria-celebran-en-grande-a-los-ninos-en-la-policia-municipal-de-merida","status":"publish","type":"post","link":"https:\/\/formalprision.com\/?p=140117","title":{"rendered":"Entre alegr\u00eda celebran en grande a los ni\u00f1os en la Polic\u00eda Municipal de M\u00e9rida"},"content":{"rendered":"\n<p>M\u00c9RIDA, Yucat\u00e1n.- En el marco del D\u00eda de la Ni\u00f1ez, 308 peque\u00f1os pertenecientes a familias de personal administrativo, guardaparques, apoyo ciudadano y personal operativo de la direcci\u00f3n de la Polic\u00eda Municipal de M\u00e9rida, fueron los protagonistas de una jornada pensada especialmente para ellos en la que estuvo la presidenta municipal Cecilia Patr\u00f3n Laviada.<\/p>\n\n\n\n<p>En una tarde llena de juegos, aplausos, risas y mucha diversi\u00f3n, las y los peque\u00f1os llenaron el ambiente con una energ\u00eda contagiosa que invadi\u00f3 las instalaciones de la corporaci\u00f3n durante el Festival de la Ni\u00f1ez organizado para los hijos del personal de la Polic\u00eda Municipal de M\u00e9rida.<\/p>\n\n\n\n<p>\u201cCada sonrisa, cada juego y cada abrazo reflejaron el esp\u00edritu de una comunidad que reconoce el esfuerzo diario de quienes cuidan la ciudad y hoy reconocemos ese esfuerzo celebrando a los hijas e hijos de polic\u00edas de M\u00e9rida\u201d, expres\u00f3 la edil.<\/p>\n\n\n\n<p>La presidenta municipal, comparti\u00f3 con las familias un mensaje cercano y lleno de calidez en el que record\u00f3 que este mes de abril el Ayuntamiento festeja en grande a quienes representan lo m\u00e1s valioso que tiene la ciudad: sus ni\u00f1os.<\/p>\n\n\n\n<p>\u201cOrganizamos esta fiesta en distintos puntos de la ciudad con mucho cari\u00f1o y, principalmente, con justicia social, para que nadie se quede atr\u00e1s y pueda disfrutar como merece por eso no pod\u00edamos dejar de celebrar a los hijos e hijas de quienes nos cuidan\u201d, mencion\u00f3.<\/p>\n\n\n\n<p>Acompa\u00f1ada por el Comisario Carlos Marsh Ibarra, director de la Polic\u00eda Municipal de M\u00e9rida, la alcaldesa destac\u00f3 la importancia de acercar estos momentos a quienes muchas veces dedican largas jornadas al servicio de la ciudadan\u00eda.<\/p>\n\n\n\n<p>\u201cQuiero agradecer su disposici\u00f3n, su labor al cuidar de M\u00e9rida, y la oportunidad que brindan de vivir este mes de forma cercana. Sobre todo, es un gusto compartir con las familias de la Polic\u00eda Municipal de M\u00e9rida y de todo el equipo que trabaja con compromiso por su ciudad y la gente\u201d dijo, generando un ambiente de orgullo y pertenencia.<\/p>\n\n\n\n<p>La celebraci\u00f3n no solo fue un espacio de diversi\u00f3n, sino tambi\u00e9n de reconocimiento. Como parte de la din\u00e1mica, m\u00e1s de 300 ni\u00f1os y ni\u00f1as recibieron regalos y participaron en la rifa de bicicletas, bocinas y aud\u00edfonos entre otros. Tambi\u00e9n, disfrutaron de un delicioso refrigerio.<\/p>\n\n\n\n<p>En medio de la convivencia record\u00f3 que la fiesta fue organizada con el claro enfoque de brindar alegr\u00eda con sentido de justicia social. \u201cNadie queda fuera de esta celebraci\u00f3n pensada para apapachar a los m\u00e1s peque\u00f1os, fortalecer la convivencia familiar y crear recuerdos que perduren m\u00e1s all\u00e1 del d\u00eda\u201d, sostuvo.<\/p>\n\n\n\n<p>Como parte de las din\u00e1micas, los peque\u00f1os participaron en un ejercicio de elecci\u00f3n de la mascota del programa guardaparques.<\/p>\n\n\n\n<p>Los juegos y sorpresas forman parte de un programa m\u00e1s amplio titulado \u201cCelebraci\u00f3n de la ni\u00f1ez\u201d, que contempla m\u00e1s de 30 actividades las cuales se llevan a cabo del 8 de abril al 3 de mayo. Este esfuerzo busca descentralizar la cultura y el entretenimiento, llevando opciones accesibles a distintos puntos de la ciudad.<\/p>\n\n\n\n<p>Entre las actividades destacadas se encuentra el Rally Familiar \u201cConservaci\u00f3n de vida silvestre\u201d, que se llevar\u00e1 a cabo en Animaya, as\u00ed como talleres creativos como \u201cPon a volar tu imaginaci\u00f3n\u201d, donde ni\u00f1as y ni\u00f1os elaborar\u00e1n papagayos. Adem\u00e1s, el Ciclo de Cine Infantil en el Centro Cultural del Sur donde se ofrecen funciones para toda la familia durante varias semanas.<\/p>\n\n\n\n<p>Al evento asistieron Lizbeth Basto Avil\u00e9s y Flora Zapata Mendiolea, coordinadoras de Buen Gobierno y de Justicia Social y Desarrollo Humano; Carmita Gonz\u00e1lez Mart\u00edn, directora de Gobernaci\u00f3n, y Denisse P\u00e9rez Rodr\u00edguez, regidora presidenta de la comisi\u00f3n de Seguridad P\u00fablica y Tr\u00e1nsito del Ayuntamiento de M\u00e9rida, y la regidora Ang\u00e9lica Mena Maga\u00f1a.<\/p>\n","protected":false},"excerpt":{"rendered":"<p>M\u00c9RIDA, Yucat\u00e1n.- En el marco del D\u00eda de la Ni\u00f1ez, 308 peque\u00f1os pertenecientes a familias de personal administrativo, guardaparques, apoyo ciudadano y personal operativo de la direcci\u00f3n de la Polic\u00eda<\/p>\n","protected":false},"author":2,"featured_media":140119,"comment_status":"open","ping_status":"open","sticky":false,"template":"","format":"standard","meta":{"jetpack_post_was_ever_published":false,"_jetpack_newsletter_access":"","_jetpack_dont_email_post_to_subs":false,"_jetpack_newsletter_tier_id":0,"_jetpack_memberships_contains_paywalled_content":false,"_jetpack_memberships_contains_paid_content":false,"footnotes":"","jetpack_publicize_message":"","jetpack_publicize_feature_enabled":true,"jetpack_social_post_already_shared":true,"jetpack_social_options":{"image_generator_settings":{"template":"highway","default_image_id":0,"font":"","enabled":false},"version":2}},"categories":[14],"tags":[],"class_list":["post-140117","post","type-post","status-publish","format-standard","has-post-thumbnail","hentry","category-merida"],"jetpack_publicize_connections":[],"jetpack_featured_media_url":"https:\/\/formalprision.com\/wp-content\/uploads\/2026\/04\/WhatsApp-Image-2026-04-30-at-8.11.04-PM.jpeg","jetpack_sharing_enabled":true,"jetpack_shortlink":"https:\/\/wp.me\/p6id8p-ArX","_links":{"self":[{"href":"https:\/\/formalprision.com\/index.php?rest_route=\/wp\/v2\/posts\/140117","targetHints":{"allow":["GET"]}}],"collection":[{"href":"https:\/\/formalprision.com\/index.php?rest_route=\/wp\/v2\/posts"}],"about":[{"href":"https:\/\/formalprision.com\/index.php?rest_route=\/wp\/v2\/types\/post"}],"author":[{"embeddable":true,"href":"https:\/\/formalprision.com\/index.php?rest_route=\/wp\/v2\/users\/2"}],"replies":[{"embeddable":true,"href":"https:\/\/formalprision.com\/index.php?rest_route=%2Fwp%2Fv2%2Fcomments&post=140117"}],"version-history":[{"count":1,"href":"https:\/\/formalprision.com\/index.php?rest_route=\/wp\/v2\/posts\/140117\/revisions"}],"predecessor-version":[{"id":140118,"href":"https:\/\/formalprision.com\/index.php?rest_route=\/wp\/v2\/posts\/140117\/revisions\/140118"}],"wp:featuredmedia":[{"embeddable":true,"href":"https:\/\/formalprision.com\/index.php?rest_route=\/wp\/v2\/media\/140119"}],"wp:attachment":[{"href":"https:\/\/formalprision.com\/index.php?rest_route=%2Fwp%2Fv2%2Fmedia&parent=140117"}],"wp:term":[{"taxonomy":"category","embeddable":true,"href":"https:\/\/formalprision.com\/index.php?rest_route=%2Fwp%2Fv2%2Fcategories&post=140117"},{"taxonomy":"post_tag","embeddable":true,"href":"https:\/\/formalprision.com\/index.php?rest_route=%2Fwp%2Fv2%2Ftags&post=140117"}],"curies":[{"name":"wp","href":"https:\/\/api.w.org\/{rel}","templated":true}]}}