{"id":140134,"date":"2026-05-01T19:45:07","date_gmt":"2026-05-02T00:45:07","guid":{"rendered":"https:\/\/formalprision.com\/?p=140134"},"modified":"2026-05-01T19:45:34","modified_gmt":"2026-05-02T00:45:34","slug":"cecilia-patron-laviada-reafirma-su-alianza-con-trabajadores-merida-se-construye-con-sus-manos","status":"publish","type":"post","link":"https:\/\/formalprision.com\/?p=140134","title":{"rendered":"Cecilia Patr\u00f3n Laviada reafirma su alianza con trabajadores: M\u00e9rida se construye con sus manos"},"content":{"rendered":"\n<p>M\u00c9RIDA, Yucat\u00e1n.- En el marco del D\u00eda Internacional del Trabajo, la presidenta municipal de M\u00e9rida, Cecilia Patr\u00f3n Laviada, sostuvo un di\u00e1logo con integrantes de la Federaci\u00f3n de Trabajadores del Estado de Yucat\u00e1n, C.T.M., en el Centro de Convenciones \u201cFrancisco P\u00e9rez R\u00edos\u201d, donde refrend\u00f3 su compromiso de trabajar en equipo por el bienestar de las familias meridanas.<\/p>\n\n\n\n<p>Ante el secretario general de la CTM Yucat\u00e1n, Luis Ren\u00e1n Brice\u00f1o Contreras y de trabajadoras y trabajadores, la alcaldesa destac\u00f3 que el empleo formal en M\u00e9rida alcanz\u00f3 su m\u00e1ximo hist\u00f3rico con 341 mil 511 personas aseguradas ante el IMSS, colocando a la capital yucateca como la quinta del pa\u00eds en trabajadores registrados y la novena en generaci\u00f3n de nuevos empleos.<\/p>\n\n\n\n<p>\u201cHoy es su d\u00eda y&nbsp; para m\u00ed es un honor estar aqu\u00ed para reconocerles en persona. El trabajo es dignidad, es sustento, es la raz\u00f3n de que esta ciudad exista y funcione y merece el respeto pleno de quien gobierna\u201d, expres\u00f3 durante su mensaje.<\/p>\n\n\n\n<p>La presidenta municipal record\u00f3 que el pasado 24 de abril, en la celebraci\u00f3n del D\u00eda del Empleado Municipal, reiter\u00f3 que las y los trabajadores son la columna vertebral de la ciudad. \u201cEso lo repito hoy, primero de mayo, frente a todas y todos ustedes. Cada mes, M\u00e9rida crea 281 nuevos empleos formales en promedio. Eso se construye con sus manos, con sus jornadas, con su presencia constante\u201d, afirm\u00f3.<\/p>\n\n\n\n<p>Cecilia Patr\u00f3n reconoci\u00f3 que, pese al dinamismo laboral, las familias enfrentan el alza de precios. \u201cY lo s\u00e9, porque lo escucho cuando camino en las colonias y comisar\u00edas, que m\u00e1s empleo formal no garantiza que cada familia llegue bien a fin de mes. El salario rinde menos que antes. Es una realidad que este Ayuntamiento asume con responsabilidad\u201d, se\u00f1al\u00f3.<\/p>\n\n\n\n<p>Por ello, inform\u00f3 que se est\u00e1n fortaleciendo los programas de apoyo directo a las familias meridanas, priorizando a quienes m\u00e1s lo necesitan. \u201cCada peso del erario municipal lo usamos con cuidado, porque sabemos que ese peso es el trabajo de alguien. Los cr\u00e9ditos y apoyos tienen como prioridad a quienes m\u00e1s los necesitan\u201d, puntualiz\u00f3 la alcaldesa.<\/p>\n\n\n\n<p>Tambi\u00e9n, destac\u00f3 el valor de la solidaridad que caracteriza a la ciudad. \u201cAqu\u00ed en M\u00e9rida tenemos algo que vale mucho: la cultura de darnos la mano. De meter el hombro cuando a alguien le cuesta. Esa es la M\u00e9rida que queremos cuidar, una ciudad donde el trabajo de cada persona cuenta y donde nadie queda fuera de la conversaci\u00f3n\u201d, dijo.<\/p>\n\n\n\n<p>La presidenta municipal reiter\u00f3 que su administraci\u00f3n trabaja en equipo con sindicatos, sociedad civil y todos los niveles de gobierno. \u201cUstedes son el motor de nuestra chula M\u00e9rida. Lo construimos juntos, d\u00eda a d\u00eda, trabajadoras, trabajadores, sindicatos, sociedad y gobierno\u201d, concluy\u00f3.<\/p>\n\n\n\n<p>Al cierre, la alcaldesa envi\u00f3 un mensaje directo a las familias: \u201cHoy reconozco el esfuerzo diario de todas y todos ustedes. Les agradezco el fruto de su trabajo, de su entrega, de su presencia constante. M\u00e9rida tiene el dinamismo que tiene porque hay gente que la empuja todos los d\u00edas\u201d.<\/p>\n\n\n\n<p>Luis Brice\u00f1o Contreras agradeci\u00f3 la cercan\u00eda del Ayuntamiento y reconoci\u00f3 el di\u00e1logo permanente con la autoridad municipal para atender las demandas del sector laboral.<\/p>\n\n\n\n<p>El evento cont\u00f3 con la participaci\u00f3n de Jorge Ermilo Barrera Novelo, secretario de Econom\u00eda y Trabajo de Yucat\u00e1n, en representaci\u00f3n del gobernador Joaqu\u00edn D\u00edaz Mena; As\u00eds Cano Cetina, regidor del Ayuntamiento de M\u00e9rida; y representantes de diversos sindicatos afiliados a la CTM.&nbsp;<\/p>\n","protected":false},"excerpt":{"rendered":"<p>M\u00c9RIDA, Yucat\u00e1n.- En el marco del D\u00eda Internacional del Trabajo, la presidenta municipal de M\u00e9rida, Cecilia Patr\u00f3n Laviada, sostuvo un di\u00e1logo con integrantes de la Federaci\u00f3n de Trabajadores del Estado<\/p>\n","protected":false},"author":2,"featured_media":140136,"comment_status":"open","ping_status":"open","sticky":false,"template":"","format":"standard","meta":{"jetpack_post_was_ever_published":false,"_jetpack_newsletter_access":"","_jetpack_dont_email_post_to_subs":false,"_jetpack_newsletter_tier_id":0,"_jetpack_memberships_contains_paywalled_content":false,"_jetpack_memberships_contains_paid_content":false,"footnotes":"","jetpack_publicize_message":"","jetpack_publicize_feature_enabled":true,"jetpack_social_post_already_shared":true,"jetpack_social_options":{"image_generator_settings":{"template":"highway","default_image_id":0,"font":"","enabled":false},"version":2}},"categories":[14],"tags":[],"class_list":["post-140134","post","type-post","status-publish","format-standard","has-post-thumbnail","hentry","category-merida"],"jetpack_publicize_connections":[],"jetpack_featured_media_url":"https:\/\/formalprision.com\/wp-content\/uploads\/2026\/05\/WhatsApp-Image-2026-05-01-at-12.33.11-PM.jpeg","jetpack_sharing_enabled":true,"jetpack_shortlink":"https:\/\/wp.me\/p6id8p-Ase","_links":{"self":[{"href":"https:\/\/formalprision.com\/index.php?rest_route=\/wp\/v2\/posts\/140134","targetHints":{"allow":["GET"]}}],"collection":[{"href":"https:\/\/formalprision.com\/index.php?rest_route=\/wp\/v2\/posts"}],"about":[{"href":"https:\/\/formalprision.com\/index.php?rest_route=\/wp\/v2\/types\/post"}],"author":[{"embeddable":true,"href":"https:\/\/formalprision.com\/index.php?rest_route=\/wp\/v2\/users\/2"}],"replies":[{"embeddable":true,"href":"https:\/\/formalprision.com\/index.php?rest_route=%2Fwp%2Fv2%2Fcomments&post=140134"}],"version-history":[{"count":1,"href":"https:\/\/formalprision.com\/index.php?rest_route=\/wp\/v2\/posts\/140134\/revisions"}],"predecessor-version":[{"id":140135,"href":"https:\/\/formalprision.com\/index.php?rest_route=\/wp\/v2\/posts\/140134\/revisions\/140135"}],"wp:featuredmedia":[{"embeddable":true,"href":"https:\/\/formalprision.com\/index.php?rest_route=\/wp\/v2\/media\/140136"}],"wp:attachment":[{"href":"https:\/\/formalprision.com\/index.php?rest_route=%2Fwp%2Fv2%2Fmedia&parent=140134"}],"wp:term":[{"taxonomy":"category","embeddable":true,"href":"https:\/\/formalprision.com\/index.php?rest_route=%2Fwp%2Fv2%2Fcategories&post=140134"},{"taxonomy":"post_tag","embeddable":true,"href":"https:\/\/formalprision.com\/index.php?rest_route=%2Fwp%2Fv2%2Ftags&post=140134"}],"curies":[{"name":"wp","href":"https:\/\/api.w.org\/{rel}","templated":true}]}}