{"id":141,"date":"2015-05-20T16:33:00","date_gmt":"2015-05-20T16:33:00","guid":{"rendered":"http:\/\/formalprision.info\/2015\/05\/20\/ninos-convertidos-en-papas-se\/"},"modified":"2015-06-03T08:21:13","modified_gmt":"2015-06-03T08:21:13","slug":"ninos-convertidos-en-papas-se","status":"publish","type":"post","link":"https:\/\/formalprision.com\/?p=141","title":{"rendered":"Ni\u00f1os convertidos en pap\u00e1s se accidentan con su beb\u00e9 de 6 meses"},"content":{"rendered":"<p>En un choque que llam\u00f3 m\u00e1s la atenci\u00f3n por la edad de los involucrados que por los da\u00f1os, un par de padres adolescentes y su beb\u00e9 sufrieron un accidente en calles de Progreso.<br \/>\nEn el percance resultaron lesionados los j\u00f3venes padres y una ni\u00f1a de seis meses de edad, que viajaban en una motocicleta que se impact\u00f3 contra un autom\u00f3vil que no respet\u00f3 una se\u00f1al de alto.<br \/>\nTanto la infante como la pareja de adolescentes ameritaron traslado al Centro M\u00e9dico Americano de Progreso, donde quedaron bajo observaci\u00f3n.<br \/>\nLos hechos ocurrieron en la calle 33 por 76 del vecino puerto, donde los j\u00f3venes D.M.M. y L.E.G., de 15 y 14 a\u00f1os, respectivamente, y su beb\u00e9 D.M.E. transitaban en una motocicleta y se impactaron contra el Pontiac placas ZAT- 7397, conducido por Rub\u00e9n Arg\u00fcelles Baz\u00e1n, de 39 a\u00f1os, quien no respet\u00f3 la se\u00f1al de alto.<br \/>\nPor el golpe, la pareja de adolescentes y su beb\u00e9 cayeron lastimosamente al pavimento.<br \/>\nAl lugar lleg\u00f3 una patrulla de la Secretar\u00eda de Seguridad P\u00fablica (SSP) adscrita a la base pescador y una ambulancia de la Polic\u00eda Municipal Preventiva del puerto.<br \/>\nLa primera en recibir auxilio fue la beb\u00e9 y posteriormente fueron revisados sus padres. Se determin\u00f3 que era necesario trasladar a los tres al CMA de Progreso. El conductor del Pontiac qued\u00f3 bajo arresto.<br \/>\nMuchos comentaron sobre la edad de la pareja, ya que apenas est\u00e1n dejando de ser ni\u00f1os y ya son padres. No falto quien los llamara los \u00abpadre ni\u00f1os\u00bb o \u00abni\u00f1os pap\u00e1s\u00bb&nbsp;cuidando a una beb\u00e9.<br \/>\nPor otra parte, en calles de M\u00e9rida resultaron lesionados tambi\u00e9n una pareja de j\u00f3venes padres y su hijo de dos a\u00f1os de edad.<br \/>\nLos heridos son Geovani Bermont Canch\u00e9, de 21 a\u00f1os; su esposa Nohely Caballero Chan, de 19, y el hijo de ambos Johan, todos ellos vecinos del fraccionamiento Jardines de Nueva Mulsay.<br \/>\nLos tres viajaban en una motocicleta sobre la avenida Juan Pablo II y fueron colisionados por otro veh\u00edculo similar. Resultaron con golpes diversos y fueron trasladados al Hospital O&#8217;Hor\u00e1n.<\/p>\n<div class=\"separator\" style=\"clear: both; text-align: center;\">\n<a href=\"http:\/\/4.bp.blogspot.com\/-NJgt21irjjY\/VVy3PhLQS9I\/AAAAAAAAFGQ\/8kuJG1F67Pk\/s1600\/padres.jpg\" imageanchor=\"1\" style=\"margin-left: 1em; margin-right: 1em;\"><img loading=\"lazy\" decoding=\"async\" border=\"0\" height=\"240\" src=\"http:\/\/formalprision.com\/wp-content\/uploads\/2015\/05\/padres.jpg\" width=\"320\"><\/a><\/div>\n","protected":false},"excerpt":{"rendered":"<p>En un choque que llam\u00f3 m\u00e1s la atenci\u00f3n por la edad de los involucrados que por los da\u00f1os, un par de padres adolescentes y su beb\u00e9 sufrieron un accidente en<\/p>\n","protected":false},"author":1,"featured_media":10290,"comment_status":"open","ping_status":"open","sticky":false,"template":"","format":"standard","meta":{"jetpack_post_was_ever_published":false,"_jetpack_newsletter_access":"","_jetpack_dont_email_post_to_subs":false,"_jetpack_newsletter_tier_id":0,"_jetpack_memberships_contains_paywalled_content":false,"_jetpack_memberships_contains_paid_content":false,"footnotes":"","jetpack_publicize_message":"","jetpack_publicize_feature_enabled":true,"jetpack_social_post_already_shared":false,"jetpack_social_options":{"image_generator_settings":{"template":"highway","default_image_id":0,"font":"","enabled":false},"version":2}},"categories":[6,3,1,49],"tags":[],"class_list":["post-141","post","type-post","status-publish","format-standard","has-post-thumbnail","hentry","category-lo-mas-leido","category-portada","category-sin-categoria","category-tocho-morocho"],"jetpack_publicize_connections":[],"jetpack_featured_media_url":"https:\/\/formalprision.com\/wp-content\/uploads\/2015\/05\/padres.jpg","jetpack_sharing_enabled":true,"jetpack_shortlink":"https:\/\/wp.me\/p6id8p-2h","_links":{"self":[{"href":"https:\/\/formalprision.com\/index.php?rest_route=\/wp\/v2\/posts\/141","targetHints":{"allow":["GET"]}}],"collection":[{"href":"https:\/\/formalprision.com\/index.php?rest_route=\/wp\/v2\/posts"}],"about":[{"href":"https:\/\/formalprision.com\/index.php?rest_route=\/wp\/v2\/types\/post"}],"author":[{"embeddable":true,"href":"https:\/\/formalprision.com\/index.php?rest_route=\/wp\/v2\/users\/1"}],"replies":[{"embeddable":true,"href":"https:\/\/formalprision.com\/index.php?rest_route=%2Fwp%2Fv2%2Fcomments&post=141"}],"version-history":[{"count":0,"href":"https:\/\/formalprision.com\/index.php?rest_route=\/wp\/v2\/posts\/141\/revisions"}],"wp:featuredmedia":[{"embeddable":true,"href":"https:\/\/formalprision.com\/index.php?rest_route=\/wp\/v2\/media\/10290"}],"wp:attachment":[{"href":"https:\/\/formalprision.com\/index.php?rest_route=%2Fwp%2Fv2%2Fmedia&parent=141"}],"wp:term":[{"taxonomy":"category","embeddable":true,"href":"https:\/\/formalprision.com\/index.php?rest_route=%2Fwp%2Fv2%2Fcategories&post=141"},{"taxonomy":"post_tag","embeddable":true,"href":"https:\/\/formalprision.com\/index.php?rest_route=%2Fwp%2Fv2%2Ftags&post=141"}],"curies":[{"name":"wp","href":"https:\/\/api.w.org\/{rel}","templated":true}]}}