{"id":142881,"date":"2026-08-30T19:52:20","date_gmt":"2026-08-31T00:52:20","guid":{"rendered":"https:\/\/formalprision.com\/?p=142881"},"modified":"2026-08-30T19:52:20","modified_gmt":"2026-08-31T00:52:20","slug":"con-gestion-del-ayuntamiento-de-merida-familias-vulnerables-estrenaran-hogar-en-condiciones-dignas-cecilia-patron","status":"publish","type":"post","link":"https:\/\/formalprision.com\/?p=142881","title":{"rendered":"Con gesti\u00f3n del Ayuntamiento de M\u00e9rida, familias vulnerables estrenar\u00e1n hogar en condiciones dignas: Cecilia Patr\u00f3n"},"content":{"rendered":"\n<p class=\"wp-block-paragraph\">M\u00c9RIDA, Yucat\u00e1n.- La presidenta municipal de M\u00e9rida, Cecilia Patr\u00f3n Laviada, en coordinaci\u00f3n con la Fundaci\u00f3n TECHO M\u00e9xico, entreg\u00f3 10 viviendas de emergencia a familias del asentamiento La Estrella del Sur.<\/p>\n\n\n\n<p class=\"wp-block-paragraph\">\u201cEs un d\u00eda de alegr\u00eda para 10 familias de La Estrella del Sur, que, desde hoy, contar\u00e1n con un espacio seguro, digno y adecuado para vivir, y con mejores condiciones para su bienestar y el de sus familias\u201d, destac\u00f3 la alcaldesa.<\/p>\n\n\n\n<p class=\"wp-block-paragraph\">Esta acci\u00f3n se integra a una estrategia institucional sustentada en diagn\u00f3sticos y focalizaci\u00f3n de zonas prioritarias, con el prop\u00f3sito de ofrecer soluciones inmediatas y dignas que fortalezcan la atenci\u00f3n a quienes se encuentran en condiciones de vulnerabilidad.<\/p>\n\n\n\n<p class=\"wp-block-paragraph\">Se trata del arranque del programa de la Fundaci\u00f3n TECHO M\u00e9xico en el sureste del pa\u00eds, en coordinaci\u00f3n con el Ayuntamiento de M\u00e9rida y la Direcci\u00f3n de Desarrollo Social y Combate a la Pobreza.<\/p>\n\n\n\n<p class=\"wp-block-paragraph\">\u201cEsta es la ciudad que anhelo, en la que la suma de esfuerzos entre gobierno, sociedad civil y comunidad permite&nbsp;crear soluciones concretas que impactan directamente en la vida y patrimonio de las familias beneficiadas\u00bb, afirm\u00f3.<\/p>\n\n\n\n<p class=\"wp-block-paragraph\">La edil record\u00f3 que adem\u00e1s, desde el Ayuntamiento, se trabaja con recursos p\u00fablicos para atender las necesidades con diversos programas como el Ramo 33 con el que se han concluido m\u00e1s de 1 mil 046 acciones de vivienda, entre ba\u00f1os, cocinas, dormitorios, pisos, techos y tanques s\u00e9pticos.<\/p>\n\n\n\n<p class=\"wp-block-paragraph\">\u201cEste esfuerzo forma parte de los dos primeros a\u00f1os que hemos caminado contigo de coraz\u00f3n. Hemos estado enchulando nuestros espacios p\u00fablicos para que nuestras comunidades tengan lugares dignos para convivir. Abrimos m\u00e1s oportunidades para que las mujeres estudien, emprendan y prosperen. Fortalecimos la atenci\u00f3n a la salud mental. Y este a\u00f1o llegaremos a m\u00e1s de 80 mil luminarias LED en toda la ciudad. Todo esto, sin aumentar impuestos y haciendo m\u00e1s con menos\u201d, dijo a los vecinos.<\/p>\n\n\n\n<p class=\"wp-block-paragraph\">En su mensaje, Arturo Le\u00f3n Itz\u00e1, director de Desarrollo Social y Combate a la Pobreza, se\u00f1al\u00f3 que las casas prefabricadas y desmontables, de 5 x 4 metros, hechas de madera con techo de fibrocemento, puerta, dos ventanas, l\u00e1mpara LED con panel solar y refuerzo para hamaqueros, representan un apoyo equivalente a 120 mil pesos en el mercado y fueron levantadas con la participaci\u00f3n de 120 voluntarios del programa LaSo de la FEYAC, personal municipal y habitantes de la zona.<\/p>\n\n\n\n<p class=\"wp-block-paragraph\">\u201cEsta acci\u00f3n obedeci\u00f3 a la necesidad de mejorar las condiciones habitacionales de las familias en situaci\u00f3n de vulnerabilidad del asentamiento, quienes ya cuentan con la asignaci\u00f3n de espacio por parte del del Instituto de Vivienda del Estado de Yucat\u00e1n (IVEY)\u201d, manifest\u00f3.<\/p>\n\n\n\n<p class=\"wp-block-paragraph\">El funcionario municipal dijo que, de acuerdo con lo planteado en la coordinaci\u00f3n del proyecto, TECHO M\u00e9xico podr\u00eda gestionar la construcci\u00f3n de 30 viviendas adicionales, ampliando el beneficio a m\u00e1s familias de La Estrella del Sur, en l\u00ednea con su prop\u00f3sito de construir ciudades justas donde todas las familias accedan a un espacio digno para habitar.<\/p>\n\n\n\n<p class=\"wp-block-paragraph\">As\u00ed, el Ayuntamiento de M\u00e9rida reafirma su compromiso de impulsar pol\u00edticas p\u00fablicas innovadoras y de fortalecer la coordinaci\u00f3n con organizaciones de la sociedad civil, con el objetivo de atender de manera directa las necesidades de las familias en situaci\u00f3n de vulnerabilidad.<\/p>\n\n\n\n<p class=\"wp-block-paragraph\">La entrega de estas viviendas marca un precedente en la construcci\u00f3n de soluciones inmediatas y dignas, consolidando un modelo de trabajo conjunto que contribuye a mejorar las condiciones de vida y el patrimonio de las familias meridanas.<\/p>\n\n\n\n<p class=\"wp-block-paragraph\">Acompa\u00f1aron a la alcaldesa&nbsp;Gustavo Alvizo Puente, director general de la Asociaci\u00f3n TECHO M\u00e9xico; la s\u00edndica municipal Mar\u00eda Cristina Castillo Espinosa; Flora Zapata Mendiolea, coordinadora general de Justicia Social y Desarrollo Humano; Alfonso Arjona Santana, director de Obras P\u00fablicas, y Carolina Jim\u00e9nez Tejada, subdirectora de Participaci\u00f3n Ciudadana.<\/p>\n","protected":false},"excerpt":{"rendered":"<p>M\u00c9RIDA, Yucat\u00e1n.- La presidenta municipal de M\u00e9rida, Cecilia Patr\u00f3n Laviada, en coordinaci\u00f3n con la Fundaci\u00f3n TECHO M\u00e9xico, entreg\u00f3 10 viviendas de emergencia a familias del asentamiento La Estrella del Sur.<\/p>\n","protected":false},"author":2,"featured_media":142883,"comment_status":"open","ping_status":"open","sticky":false,"template":"","format":"standard","meta":{"_jetpack_newsletter_access":"","_jetpack_dont_email_post_to_subs":false,"_jetpack_newsletter_tier_id":0,"_jetpack_memberships_contains_paywalled_content":false,"_jetpack_feature_clip_id":0,"_jetpack_memberships_contains_paid_content":false,"footnotes":"","jetpack_publicize_message":"","jetpack_publicize_feature_enabled":true,"jetpack_social_post_already_shared":true,"jetpack_social_options":{"image_generator_settings":{"template":"highway","default_image_id":0,"font":"","enabled":false},"version":2},"jetpack_post_was_ever_published":false},"categories":[14],"tags":[],"class_list":["post-142881","post","type-post","status-publish","format-standard","has-post-thumbnail","hentry","category-merida"],"jetpack_publicize_connections":[],"jetpack_sharing_enabled":true,"jetpack_shortlink":"https:\/\/wp.me\/p6id8p-Bax","jetpack_featured_media_url":"https:\/\/formalprision.com\/wp-content\/uploads\/2026\/08\/WhatsApp-Image-2026-08-30-at-6.28.46-PM.jpeg","_links":{"self":[{"href":"https:\/\/formalprision.com\/index.php?rest_route=\/wp\/v2\/posts\/142881","targetHints":{"allow":["GET"]}}],"collection":[{"href":"https:\/\/formalprision.com\/index.php?rest_route=\/wp\/v2\/posts"}],"about":[{"href":"https:\/\/formalprision.com\/index.php?rest_route=\/wp\/v2\/types\/post"}],"author":[{"embeddable":true,"href":"https:\/\/formalprision.com\/index.php?rest_route=\/wp\/v2\/users\/2"}],"replies":[{"embeddable":true,"href":"https:\/\/formalprision.com\/index.php?rest_route=%2Fwp%2Fv2%2Fcomments&post=142881"}],"version-history":[{"count":1,"href":"https:\/\/formalprision.com\/index.php?rest_route=\/wp\/v2\/posts\/142881\/revisions"}],"predecessor-version":[{"id":142882,"href":"https:\/\/formalprision.com\/index.php?rest_route=\/wp\/v2\/posts\/142881\/revisions\/142882"}],"wp:featuredmedia":[{"embeddable":true,"href":"https:\/\/formalprision.com\/index.php?rest_route=\/wp\/v2\/media\/142883"}],"wp:attachment":[{"href":"https:\/\/formalprision.com\/index.php?rest_route=%2Fwp%2Fv2%2Fmedia&parent=142881"}],"wp:term":[{"taxonomy":"category","embeddable":true,"href":"https:\/\/formalprision.com\/index.php?rest_route=%2Fwp%2Fv2%2Fcategories&post=142881"},{"taxonomy":"post_tag","embeddable":true,"href":"https:\/\/formalprision.com\/index.php?rest_route=%2Fwp%2Fv2%2Ftags&post=142881"}],"curies":[{"name":"wp","href":"https:\/\/api.w.org\/{rel}","templated":true}]}}