{"id":142889,"date":"2026-08-31T01:16:10","date_gmt":"2026-08-31T06:16:10","guid":{"rendered":"https:\/\/formalprision.com\/?p=142889"},"modified":"2026-08-31T01:16:10","modified_gmt":"2026-08-31T06:16:10","slug":"diaz-mena-reconoce-a-mas-de-3800-trabajadores-de-apoyo-a-la-educacion","status":"publish","type":"post","link":"https:\/\/formalprision.com\/?p=142889","title":{"rendered":"D\u00edaz Mena reconoce a m\u00e1s de 3,800 trabajadores de apoyo a la educaci\u00f3n"},"content":{"rendered":"\n<p class=\"wp-block-paragraph\">M\u00e9rida, Yucat\u00e1n, a 30 de agosto de 2026-El gobierno del Renacimiento Maya reconoci\u00f3 la labor de m\u00e1s de 3,800 trabajadores del Personal de Apoyo y Asistencia a la Educaci\u00f3n (PAAE), quienes hacen posible la operaci\u00f3n diaria de las escuelas y contribuyen a garantizar el derecho a la educaci\u00f3n en Yucat\u00e1n.<br>&nbsp;<br>Durante la conmemoraci\u00f3n del D\u00eda del Personal de Apoyo y Asistencia a la Educaci\u00f3n, el gobernador Joaqu\u00edn D\u00edaz Mena afirm\u00f3 que su administraci\u00f3n avanza en justicia social para este sector, al reconocer su trabajo, dar mayor certeza laboral y devolverle el lugar de respeto y dignidad que merece dentro del sistema educativo.<br>&nbsp;<br>Se\u00f1al\u00f3 que, por segundo a\u00f1o consecutivo, Yucat\u00e1n dedica una fecha a reconocer la labor del PAAE y a otorgarle el lugar de respeto, gratitud y justicia que merece. Asimismo, indic\u00f3 que esta celebraci\u00f3n se mantendr\u00e1 como una tradici\u00f3n anual, en reconocimiento a quienes hacen posible el funcionamiento de las escuelas.<br>&nbsp;<br>Reiter\u00f3 que su administraci\u00f3n ha brindado mayor certeza laboral mediante la asignaci\u00f3n transparente de plazas administrativas y estableci\u00f3 esta fecha como d\u00eda inh\u00e1bil para que las trabajadoras y trabajadores puedan descansar, convivir y celebrar el reconocimiento a su labor. (Comunicado de Prensa)<br>&nbsp;<\/p>\n","protected":false},"excerpt":{"rendered":"<p>M\u00e9rida, Yucat\u00e1n, a 30 de agosto de 2026-El gobierno del Renacimiento Maya reconoci\u00f3 la labor de m\u00e1s de 3,800 trabajadores del Personal de Apoyo y Asistencia a la Educaci\u00f3n (PAAE),<\/p>\n","protected":false},"author":1,"featured_media":142890,"comment_status":"open","ping_status":"open","sticky":false,"template":"","format":"standard","meta":{"_jetpack_newsletter_access":"","_jetpack_dont_email_post_to_subs":false,"_jetpack_newsletter_tier_id":0,"_jetpack_memberships_contains_paywalled_content":false,"_jetpack_feature_clip_id":0,"_jetpack_memberships_contains_paid_content":false,"footnotes":"","jetpack_publicize_message":"","jetpack_publicize_feature_enabled":true,"jetpack_social_post_already_shared":true,"jetpack_social_options":{"image_generator_settings":{"template":"highway","default_image_id":0,"font":"","enabled":false},"version":2},"jetpack_post_was_ever_published":false},"categories":[14],"tags":[],"class_list":["post-142889","post","type-post","status-publish","format-standard","has-post-thumbnail","hentry","category-merida"],"jetpack_publicize_connections":[],"jetpack_sharing_enabled":true,"jetpack_shortlink":"https:\/\/wp.me\/p6id8p-BaF","jetpack_featured_media_url":"https:\/\/formalprision.com\/wp-content\/uploads\/2026\/08\/IMG-20260830-WA0031.jpg","_links":{"self":[{"href":"https:\/\/formalprision.com\/index.php?rest_route=\/wp\/v2\/posts\/142889","targetHints":{"allow":["GET"]}}],"collection":[{"href":"https:\/\/formalprision.com\/index.php?rest_route=\/wp\/v2\/posts"}],"about":[{"href":"https:\/\/formalprision.com\/index.php?rest_route=\/wp\/v2\/types\/post"}],"author":[{"embeddable":true,"href":"https:\/\/formalprision.com\/index.php?rest_route=\/wp\/v2\/users\/1"}],"replies":[{"embeddable":true,"href":"https:\/\/formalprision.com\/index.php?rest_route=%2Fwp%2Fv2%2Fcomments&post=142889"}],"version-history":[{"count":1,"href":"https:\/\/formalprision.com\/index.php?rest_route=\/wp\/v2\/posts\/142889\/revisions"}],"predecessor-version":[{"id":142891,"href":"https:\/\/formalprision.com\/index.php?rest_route=\/wp\/v2\/posts\/142889\/revisions\/142891"}],"wp:featuredmedia":[{"embeddable":true,"href":"https:\/\/formalprision.com\/index.php?rest_route=\/wp\/v2\/media\/142890"}],"wp:attachment":[{"href":"https:\/\/formalprision.com\/index.php?rest_route=%2Fwp%2Fv2%2Fmedia&parent=142889"}],"wp:term":[{"taxonomy":"category","embeddable":true,"href":"https:\/\/formalprision.com\/index.php?rest_route=%2Fwp%2Fv2%2Fcategories&post=142889"},{"taxonomy":"post_tag","embeddable":true,"href":"https:\/\/formalprision.com\/index.php?rest_route=%2Fwp%2Fv2%2Ftags&post=142889"}],"curies":[{"name":"wp","href":"https:\/\/api.w.org\/{rel}","templated":true}]}}