{"id":142895,"date":"2026-08-31T12:15:04","date_gmt":"2026-08-31T17:15:04","guid":{"rendered":"https:\/\/formalprision.com\/?p=142895"},"modified":"2026-08-31T12:15:04","modified_gmt":"2026-08-31T17:15:04","slug":"tonatiuh-villanueva-asume-la-presidencia-de-somos-en-yucatan","status":"publish","type":"post","link":"https:\/\/formalprision.com\/?p=142895","title":{"rendered":"Tonatiuh Villanueva asume la presidencia de SOMOS en Yucat\u00e1n"},"content":{"rendered":"\n<p class=\"wp-block-paragraph\">Con un discurso frontal contra la corrupci\u00f3n, la opacidad y el despilfarro del oficialismo, Tonatiuh Villanueva Caltempa asumi\u00f3 ayer domingo la presidencia estatal de SOMOS, partido pol\u00edtico de car\u00e1cter nacional que inicia formalmente su presencia y organizaci\u00f3n en Yucat\u00e1n. Durante la Asamblea Estatal, militantes, liderazgos ciudadanos y representantes de distintos municipios respaldaron el arranque de esta nueva etapa, con la que el partido busca consolidarse como una alternativa democr\u00e1tica frente a Morena y las fuerzas pol\u00edticas tradicionales.<\/p>\n\n\n\n<p class=\"wp-block-paragraph\">En su mensaje, Villanueva Caltempa sostuvo que SOMOS no llega a Yucat\u00e1n para reproducir las mismas pr\u00e1cticas de los partidos de siempre, sino para construir una fuerza pol\u00edtica independiente de grupos de poder. \u201cSOMOS se lee igual de derecha a izquierda y de izquierda a derecha, porque no somos de derecha, tampoco somos de izquierda; somos de derechos\u201d, afirm\u00f3. Se\u00f1al\u00f3 que el partido busca darle voz a quienes no la tienen y convoc\u00f3 a los ciudadanos que no se sienten representados o respaldados por sus actuales partidos a sumarse a esta nueva opci\u00f3n.<\/p>\n\n\n\n<p class=\"wp-block-paragraph\">El dirigente estatal fue especialmente cr\u00edtico con el gobierno de Morena al referirse a la situaci\u00f3n social del pa\u00eds. \u201cLa realidad es que todos los d\u00edas mueren mexicanos\u201d, se\u00f1al\u00f3, al cuestionar las carencias que enfrentan pacientes en hospitales y familias con ni\u00f1os con c\u00e1ncer. Denunci\u00f3 la falta de quir\u00f3fanos, medicamentos y personal m\u00e9dico, y cuestion\u00f3 que mientras millones de mexicanos enfrentan estas necesidades, el gobierno destine recursos millonarios a grandes proyectos cuya operaci\u00f3n y costos han sido objeto de cuestionamientos.<\/p>\n\n\n\n<p class=\"wp-block-paragraph\">En este sentido, SOMOS lanz\u00f3 tambi\u00e9n un severo se\u00f1alamiento sobre las megaobras federales y los recursos p\u00fablicos destinados a ellas. La dirigencia cuestion\u00f3 los sobrecostos registrados en proyectos como el Tren Maya y la Refiner\u00eda Dos Bocas, as\u00ed como los subsidios destinados a otras obras, y exigi\u00f3 auditor\u00edas ciudadanas, transparencia y rendici\u00f3n de cuentas. \u201cEn SOMOS somos libres y no nos vamos a callar\u201d, sostuvo Villanueva, al advertir que el partido no ser\u00e1 una oposici\u00f3n de conveniencia ni una organizaci\u00f3n subordinada al poder.<\/p>\n\n\n\n<p class=\"wp-block-paragraph\">Como ejemplo de lo que calific\u00f3 como despilfarro de recursos p\u00fablicos, Tonatiuh Villanueva puso sobre la mesa el costo de las grandes obras federales como el Tren Maya, cuyo presupuesto original rondaba los 150 mil millones de pesos y que ahora ya supera ya los 500 mil millones; la Refiner\u00eda Dos Bocas, que pas\u00f3 de una estimaci\u00f3n de 160 mil millones a m\u00e1s de 340 mil millones de pesos; y el AIFA, cuyo costo habr\u00eda pasado de 75 mil millones a alrededor de 120 mil millones de pesos, adem\u00e1s de requerir subsidios p\u00fablicos para su operaci\u00f3n. Para SOMOS, estas cifras obligan a cuestionar no la inversi\u00f3n p\u00fablica en s\u00ed misma, sino la falta de controles, transparencia y resultados frente al dinero de los contribuyentes.<\/p>\n\n\n\n<p class=\"wp-block-paragraph\">Tonatiuh Villanueva destac\u00f3 adem\u00e1s que SOMOS busca romper con las reglas tradicionales de la pol\u00edtica. Afirm\u00f3 que, conforme a los estatutos, ninguno de los dirigentes que tom\u00f3 protesta este domingo podr\u00e1 ser candidato, por lo que quienes hoy encabezan la estructura partidista deber\u00e1n respaldar a las candidaturas que determine el Consejo. Tambi\u00e9n subray\u00f3 la obligaci\u00f3n de abrir espacios a mujeres, j\u00f3venes y sindicatos. Durante su intervenci\u00f3n, agradeci\u00f3 especialmente la presencia de sus \u201ccompa\u00f1eras de lucha\u201d, Patricia McCarthy y Ana Rosa Pay\u00e1n Cervera, a quienes reconoci\u00f3 por su participaci\u00f3n en la construcci\u00f3n del proyecto.<\/p>\n\n\n\n<p class=\"wp-block-paragraph\">Durante la Asamblea, Ana Rosa Pay\u00e1n Cervera llam\u00f3 a los integrantes de SOMOS a ser honestos, honrados, so\u00f1adores y apasionados de la transparencia. Subray\u00f3 que el partido no debe convertirse en una plataforma para obtener puestos, cargos o dinero para enriquecerse, sino en un instrumento para construir ciudadan\u00eda y recuperar el sentido del servicio p\u00fablico. Villanueva, por su parte, afirm\u00f3 que SOMOS alcanza, de acuerdo con encuestas que cit\u00f3 durante su intervenci\u00f3n, 7.9 por ciento de preferencia electoral, y sostuvo que incluso antes de su consolidaci\u00f3n formal hab\u00eda logrado una afiliaci\u00f3n significativa.<\/p>\n\n\n\n<p class=\"wp-block-paragraph\">Con la toma de protesta de Tonatiuh Villanueva, SOMOS inicia formalmente su operaci\u00f3n pol\u00edtica en Yucat\u00e1n y anunci\u00f3 una agenda territorial para conformar comit\u00e9s en los municipios del estado. El nuevo dirigente asegur\u00f3 que buscar\u00e1n sumar a ciudadanos que no encuentran representaci\u00f3n en Morena ni en otras fuerzas pol\u00edticas y convertir al partido en una oposici\u00f3n libre, frontal e inc\u00f3moda para el poder, pero dentro de las instituciones y por la v\u00eda democr\u00e1tica.<\/p>\n","protected":false},"excerpt":{"rendered":"<p>Con un discurso frontal contra la corrupci\u00f3n, la opacidad y el despilfarro del oficialismo, Tonatiuh Villanueva Caltempa asumi\u00f3 ayer domingo la presidencia estatal de SOMOS, partido pol\u00edtico de car\u00e1cter nacional<\/p>\n","protected":false},"author":2,"featured_media":142897,"comment_status":"open","ping_status":"open","sticky":false,"template":"","format":"standard","meta":{"_jetpack_newsletter_access":"","_jetpack_dont_email_post_to_subs":false,"_jetpack_newsletter_tier_id":0,"_jetpack_memberships_contains_paywalled_content":false,"_jetpack_feature_clip_id":0,"_jetpack_memberships_contains_paid_content":false,"footnotes":"","jetpack_publicize_message":"","jetpack_publicize_feature_enabled":true,"jetpack_social_post_already_shared":true,"jetpack_social_options":{"image_generator_settings":{"template":"highway","default_image_id":0,"font":"","enabled":false},"version":2},"jetpack_post_was_ever_published":false},"categories":[54],"tags":[],"class_list":["post-142895","post","type-post","status-publish","format-standard","has-post-thumbnail","hentry","category-yucatan"],"jetpack_publicize_connections":[],"jetpack_sharing_enabled":true,"jetpack_shortlink":"https:\/\/wp.me\/p6id8p-BaL","jetpack_featured_media_url":"https:\/\/formalprision.com\/wp-content\/uploads\/2026\/08\/WhatsApp-Image-2026-08-31-at-9.04.10-AM.jpeg","_links":{"self":[{"href":"https:\/\/formalprision.com\/index.php?rest_route=\/wp\/v2\/posts\/142895","targetHints":{"allow":["GET"]}}],"collection":[{"href":"https:\/\/formalprision.com\/index.php?rest_route=\/wp\/v2\/posts"}],"about":[{"href":"https:\/\/formalprision.com\/index.php?rest_route=\/wp\/v2\/types\/post"}],"author":[{"embeddable":true,"href":"https:\/\/formalprision.com\/index.php?rest_route=\/wp\/v2\/users\/2"}],"replies":[{"embeddable":true,"href":"https:\/\/formalprision.com\/index.php?rest_route=%2Fwp%2Fv2%2Fcomments&post=142895"}],"version-history":[{"count":1,"href":"https:\/\/formalprision.com\/index.php?rest_route=\/wp\/v2\/posts\/142895\/revisions"}],"predecessor-version":[{"id":142896,"href":"https:\/\/formalprision.com\/index.php?rest_route=\/wp\/v2\/posts\/142895\/revisions\/142896"}],"wp:featuredmedia":[{"embeddable":true,"href":"https:\/\/formalprision.com\/index.php?rest_route=\/wp\/v2\/media\/142897"}],"wp:attachment":[{"href":"https:\/\/formalprision.com\/index.php?rest_route=%2Fwp%2Fv2%2Fmedia&parent=142895"}],"wp:term":[{"taxonomy":"category","embeddable":true,"href":"https:\/\/formalprision.com\/index.php?rest_route=%2Fwp%2Fv2%2Fcategories&post=142895"},{"taxonomy":"post_tag","embeddable":true,"href":"https:\/\/formalprision.com\/index.php?rest_route=%2Fwp%2Fv2%2Ftags&post=142895"}],"curies":[{"name":"wp","href":"https:\/\/api.w.org\/{rel}","templated":true}]}}