{"id":142898,"date":"2026-08-31T16:16:14","date_gmt":"2026-08-31T21:16:14","guid":{"rendered":"https:\/\/formalprision.com\/?p=142898"},"modified":"2026-08-31T16:16:14","modified_gmt":"2026-08-31T21:16:14","slug":"renacimiento-maya-dignifica-primaria-de-zazil-ha-en-meridacon-inversion-de-mas-de-tres-mdp","status":"publish","type":"post","link":"https:\/\/formalprision.com\/?p=142898","title":{"rendered":"Renacimiento Maya dignifica primaria de Zazil-H\u00e1, en M\u00e9rida,con inversi\u00f3n de m\u00e1s de\u00a0tres mdp"},"content":{"rendered":"\n<p class=\"wp-block-paragraph\">M\u00e9rida, Yucat\u00e1n, a 31 de agosto de 2026.-Con una inversi\u00f3n programada de&nbsp;tres millones 117 mil 680 pesos, provenientes del Fondo de Aportaciones M\u00faltiples 2026,&nbsp;366 estudiantes&nbsp;de la primaria Pedro R. Pinz\u00f3n S\u00e1nchez, ubicada en la colonia Zazil-H\u00e1, en M\u00e9rida,&nbsp;contar\u00e1n con espacios m\u00e1s seguros, dignos y adecuados para su formaci\u00f3n integral.<br>&nbsp;<br>En este plantel, el gobernador Joaqu\u00edn D\u00edaz Mena encabez\u00f3 el inicio oficial del ciclo escolar 2026-2027 en Yucat\u00e1n y constat\u00f3 los avances de las obras, que atienden carencias acumuladas y permitir\u00e1n proteger a la comunidad estudiantil del sol, las altas temperaturas y las lluvias durante sus actividades f\u00edsicas, c\u00edvicas y recreativas.<br>&nbsp;<br>Del monto total,&nbsp;dos millones 278 mil 425 pesos&nbsp;se destinan a la construcci\u00f3n del domo sobre la cancha, mientras que 839 mil 255 pesos corresponden al mejoramiento del espacio deportivo y de los servicios sanitarios existentes.<br>&nbsp;<\/p>\n\n\n\n<p class=\"wp-block-paragraph\">Durante la ceremonia tambi\u00e9n se realiz\u00f3 la entrega simb\u00f3lica de paquetes del programa Bienestar en tu Escuela, as\u00ed como de libros de texto gratuitos, \u00fatiles escolares, uniformes, mochilas y zapatos, apoyos que contribuyen a la econom\u00eda familiar y favorecen la permanencia de&nbsp;estudiantes&nbsp;en las aulas.<br>&nbsp;<br>Al finalizar, D\u00edaz Mena, acompa\u00f1ado del secretario de Educaci\u00f3n, Juan Balam Varguez, y autoridades educativas, dio el banderazo de salida a los veh\u00edculos que distribuir\u00e1n mobiliario escolar en planteles de diversos municipios del estado.<br>&nbsp;<\/p>\n","protected":false},"excerpt":{"rendered":"<p>M\u00e9rida, Yucat\u00e1n, a 31 de agosto de 2026.-Con una inversi\u00f3n programada de&nbsp;tres millones 117 mil 680 pesos, provenientes del Fondo de Aportaciones M\u00faltiples 2026,&nbsp;366 estudiantes&nbsp;de la primaria Pedro R. Pinz\u00f3n<\/p>\n","protected":false},"author":1,"featured_media":142899,"comment_status":"open","ping_status":"open","sticky":false,"template":"","format":"standard","meta":{"_jetpack_newsletter_access":"","_jetpack_dont_email_post_to_subs":false,"_jetpack_newsletter_tier_id":0,"_jetpack_memberships_contains_paywalled_content":false,"_jetpack_feature_clip_id":0,"_jetpack_memberships_contains_paid_content":false,"footnotes":"","jetpack_publicize_message":"","jetpack_publicize_feature_enabled":true,"jetpack_social_post_already_shared":true,"jetpack_social_options":{"image_generator_settings":{"template":"highway","default_image_id":0,"font":"","enabled":false},"version":2},"jetpack_post_was_ever_published":false},"categories":[14],"tags":[],"class_list":["post-142898","post","type-post","status-publish","format-standard","has-post-thumbnail","hentry","category-merida"],"jetpack_publicize_connections":[],"jetpack_sharing_enabled":true,"jetpack_shortlink":"https:\/\/wp.me\/p6id8p-BaO","jetpack_featured_media_url":"https:\/\/formalprision.com\/wp-content\/uploads\/2026\/08\/IMG-20260831-WA0036.jpg","_links":{"self":[{"href":"https:\/\/formalprision.com\/index.php?rest_route=\/wp\/v2\/posts\/142898","targetHints":{"allow":["GET"]}}],"collection":[{"href":"https:\/\/formalprision.com\/index.php?rest_route=\/wp\/v2\/posts"}],"about":[{"href":"https:\/\/formalprision.com\/index.php?rest_route=\/wp\/v2\/types\/post"}],"author":[{"embeddable":true,"href":"https:\/\/formalprision.com\/index.php?rest_route=\/wp\/v2\/users\/1"}],"replies":[{"embeddable":true,"href":"https:\/\/formalprision.com\/index.php?rest_route=%2Fwp%2Fv2%2Fcomments&post=142898"}],"version-history":[{"count":1,"href":"https:\/\/formalprision.com\/index.php?rest_route=\/wp\/v2\/posts\/142898\/revisions"}],"predecessor-version":[{"id":142900,"href":"https:\/\/formalprision.com\/index.php?rest_route=\/wp\/v2\/posts\/142898\/revisions\/142900"}],"wp:featuredmedia":[{"embeddable":true,"href":"https:\/\/formalprision.com\/index.php?rest_route=\/wp\/v2\/media\/142899"}],"wp:attachment":[{"href":"https:\/\/formalprision.com\/index.php?rest_route=%2Fwp%2Fv2%2Fmedia&parent=142898"}],"wp:term":[{"taxonomy":"category","embeddable":true,"href":"https:\/\/formalprision.com\/index.php?rest_route=%2Fwp%2Fv2%2Fcategories&post=142898"},{"taxonomy":"post_tag","embeddable":true,"href":"https:\/\/formalprision.com\/index.php?rest_route=%2Fwp%2Fv2%2Ftags&post=142898"}],"curies":[{"name":"wp","href":"https:\/\/api.w.org\/{rel}","templated":true}]}}