{"id":142901,"date":"2026-08-31T17:49:00","date_gmt":"2026-08-31T22:49:00","guid":{"rendered":"https:\/\/formalprision.com\/?p=142901"},"modified":"2026-08-31T17:49:00","modified_gmt":"2026-08-31T22:49:00","slug":"la-policia-de-merida-implementa-operativo-vial-especial-por-el-regreso-a-clases","status":"publish","type":"post","link":"https:\/\/formalprision.com\/?p=142901","title":{"rendered":"La Polic\u00eda de M\u00e9rida implementa operativo vial especial por el regreso a clases"},"content":{"rendered":"\n<p class=\"wp-block-paragraph\">M\u00c9RIDA, Yucat\u00e1n.- La Polic\u00eda Municipal de M\u00e9rida implement\u00f3 a partir de este lunes un operativo vial especial con motivo del inicio de las actividades correspondientes al ciclo escolar 2026-2027.<\/p>\n\n\n\n<p class=\"wp-block-paragraph\">Tiene como objetivo principal reforzar la seguridad y prevenir incidentes durante los horarios de entrada y salida de las escuelas ubicadas en el primer cuadro de la ciudad, y para lograrlo, se han desplegado elementos municipales en los planteles educativos y sus inmediaciones con el fin de coordinar y agilizar el flujo peatonal y vehicular.<\/p>\n\n\n\n<p class=\"wp-block-paragraph\">Entre las acciones implementadas, se han colocado se\u00f1alizaci\u00f3n y conos de seguridad en los accesos escolares para ordenar de manera eficiente las \u00e1reas de ascenso y descenso de las y los alumnos. Asimismo, los agentes policiales mantienen presencia en las intersecciones estrat\u00e9gicas para dirigir el tr\u00e1fico y evitar congestionamientos.<\/p>\n\n\n\n<p class=\"wp-block-paragraph\">Con estas medidas, la Polic\u00eda Municipal de M\u00e9rida reafirma su compromiso de garantizar vialidades m\u00e1s confiables y seguras para toda la ciudadan\u00eda.<\/p>\n\n\n\n<p class=\"wp-block-paragraph\">La Polic\u00eda Municipal de M\u00e9rida emite las siguientes recomendaciones para mantener un regreso a clase seguro:<\/p>\n\n\n\n<p class=\"wp-block-paragraph\">Planificar los traslados: Se exhorta a los padres de familia a salir con suficiente tiempo de anticipaci\u00f3n para llegar a los planteles sin contratiempos ni incidencias durante el trayecto.<\/p>\n\n\n\n<p class=\"wp-block-paragraph\">Respetar las indicaciones viales: Es fundamental acatar las instrucciones de los agentes de tr\u00e1nsito en las \u00e1reas de ascenso y descenso para evitar congestionamientos y garantizar la fluidez vehicular.<\/p>\n\n\n\n<p class=\"wp-block-paragraph\">Moderar la velocidad: Se recuerda a todos los automovilistas la estricta obligaci\u00f3n de respetar el Reglamento de Tr\u00e1nsito y Vialidad del Estado de Yucat\u00e1n, el cual establece un l\u00edmite m\u00e1ximo de velocidad de 20 km\/h en zonas escolares, medida indispensable para prevenir hechos de tr\u00e1nsito.<\/p>\n","protected":false},"excerpt":{"rendered":"<p>M\u00c9RIDA, Yucat\u00e1n.- La Polic\u00eda Municipal de M\u00e9rida implement\u00f3 a partir de este lunes un operativo vial especial con motivo del inicio de las actividades correspondientes al ciclo escolar 2026-2027. Tiene<\/p>\n","protected":false},"author":2,"featured_media":142903,"comment_status":"open","ping_status":"open","sticky":false,"template":"","format":"standard","meta":{"_jetpack_newsletter_access":"","_jetpack_dont_email_post_to_subs":false,"_jetpack_newsletter_tier_id":0,"_jetpack_memberships_contains_paywalled_content":false,"_jetpack_feature_clip_id":0,"_jetpack_memberships_contains_paid_content":false,"footnotes":"","jetpack_publicize_message":"","jetpack_publicize_feature_enabled":true,"jetpack_social_post_already_shared":true,"jetpack_social_options":{"image_generator_settings":{"template":"highway","default_image_id":0,"font":"","enabled":false},"version":2},"jetpack_post_was_ever_published":false},"categories":[14],"tags":[],"class_list":["post-142901","post","type-post","status-publish","format-standard","has-post-thumbnail","hentry","category-merida"],"jetpack_publicize_connections":[],"jetpack_sharing_enabled":true,"jetpack_shortlink":"https:\/\/wp.me\/p6id8p-BaR","jetpack_featured_media_url":"https:\/\/formalprision.com\/wp-content\/uploads\/2026\/08\/WhatsApp-Image-2026-08-31-at-4.33.37-PM.jpeg","_links":{"self":[{"href":"https:\/\/formalprision.com\/index.php?rest_route=\/wp\/v2\/posts\/142901","targetHints":{"allow":["GET"]}}],"collection":[{"href":"https:\/\/formalprision.com\/index.php?rest_route=\/wp\/v2\/posts"}],"about":[{"href":"https:\/\/formalprision.com\/index.php?rest_route=\/wp\/v2\/types\/post"}],"author":[{"embeddable":true,"href":"https:\/\/formalprision.com\/index.php?rest_route=\/wp\/v2\/users\/2"}],"replies":[{"embeddable":true,"href":"https:\/\/formalprision.com\/index.php?rest_route=%2Fwp%2Fv2%2Fcomments&post=142901"}],"version-history":[{"count":1,"href":"https:\/\/formalprision.com\/index.php?rest_route=\/wp\/v2\/posts\/142901\/revisions"}],"predecessor-version":[{"id":142902,"href":"https:\/\/formalprision.com\/index.php?rest_route=\/wp\/v2\/posts\/142901\/revisions\/142902"}],"wp:featuredmedia":[{"embeddable":true,"href":"https:\/\/formalprision.com\/index.php?rest_route=\/wp\/v2\/media\/142903"}],"wp:attachment":[{"href":"https:\/\/formalprision.com\/index.php?rest_route=%2Fwp%2Fv2%2Fmedia&parent=142901"}],"wp:term":[{"taxonomy":"category","embeddable":true,"href":"https:\/\/formalprision.com\/index.php?rest_route=%2Fwp%2Fv2%2Fcategories&post=142901"},{"taxonomy":"post_tag","embeddable":true,"href":"https:\/\/formalprision.com\/index.php?rest_route=%2Fwp%2Fv2%2Ftags&post=142901"}],"curies":[{"name":"wp","href":"https:\/\/api.w.org\/{rel}","templated":true}]}}