{"id":142904,"date":"2026-08-31T19:52:36","date_gmt":"2026-09-01T00:52:36","guid":{"rendered":"https:\/\/formalprision.com\/?p=142904"},"modified":"2026-08-31T19:53:07","modified_gmt":"2026-09-01T00:53:07","slug":"cecilia-patron-abrira-un-segundo-centro-municipal-de-autismo-en-el-poniente-de-merida","status":"publish","type":"post","link":"https:\/\/formalprision.com\/?p=142904","title":{"rendered":"Cecilia Patr\u00f3n abrir\u00e1 un segundo Centro Municipal de Autismo en el poniente de M\u00e9rida"},"content":{"rendered":"\n<p class=\"wp-block-paragraph\">M\u00c9RIDA, Yucat\u00e1n.- Con el compromiso de seguir construyendo una M\u00e9rida m\u00e1s incluyente, cercana y humana, la presidenta municipal Cecilia Patr\u00f3n Laviada anunci\u00f3 que el pr\u00f3ximo a\u00f1o abrir\u00e1 un segundo Centro Municipal de Autismo, que estar\u00e1 ubicado en la colonia Madero, en el poniente de la ciudad.<\/p>\n\n\n\n<p class=\"wp-block-paragraph\">\u201cQuiero hablar de este centro como un abrazo de M\u00e9rida a sus familias. Como un lugar de esperanza, donde cada familia pueda encontrar acompa\u00f1amiento, orientaci\u00f3n y la certeza de que no est\u00e1 sola\u201d, expres\u00f3 Cecilia Patr\u00f3n.<\/p>\n\n\n\n<p class=\"wp-block-paragraph\">Durante el marc\u00f3 de su Segundo Informe de Resultados, la alcaldesa destac\u00f3 que uno de los momentos que m\u00e1s guarda en el coraz\u00f3n de este a\u00f1o fue la inauguraci\u00f3n del primer Centro Municipal de Autismo de M\u00e9rida, ubicado en el oriente de la ciudad, un espacio que naci\u00f3 de escuchar a las familias y que hoy representa un lugar de acompa\u00f1amiento, orientaci\u00f3n y esperanza.<\/p>\n\n\n\n<p class=\"wp-block-paragraph\">Record\u00f3 que detr\u00e1s de cada diagn\u00f3stico de autismo existe una historia familia, en la que mam\u00e1s y pap\u00e1s que buscan respuestas, hermanos que aprenden nuevas formas de acompa\u00f1ar, abuelos que se convierten en una red de apoyo y familias enteras que, con amor y esfuerzo, se transforman en terapeutas, defensoras y maestras.<\/p>\n\n\n\n<p class=\"wp-block-paragraph\">Por ello, la edil se\u00f1al\u00f3 que el Centro Municipal de Autismo representa tambi\u00e9n el resultado de a\u00f1os de organizaci\u00f3n y participaci\u00f3n ciudadana de familias que han levantado la voz para pedir comprensi\u00f3n, respeto y oportunidades para sus hijas e hijos.<\/p>\n\n\n\n<p class=\"wp-block-paragraph\">\u201cEl Centro Municipal de Autismo naci\u00f3 de escucharlos, al reconocer a las familias y a la comunidad que han impulsado una mayor conciencia sobre las necesidades de las personas autistas y neurodivergentes\u201d, afirm\u00f3 la alcaldesa.<\/p>\n\n\n\n<p class=\"wp-block-paragraph\">Cecilia Patr\u00f3n mencion\u00f3 que la apertura del segundo centro permitir\u00e1 avanzar en la ampliaci\u00f3n de los servicios especializados y acercar estas alternativas de atenci\u00f3n a m\u00e1s familias de M\u00e9rida, particularmente en el poniente de la ciudad, reduciendo la distancia, costo y horarios de traslado.<\/p>\n\n\n\n<p class=\"wp-block-paragraph\">La nueva sede se sumar\u00e1 al Centro Municipal de Autismo inaugurada en marzo pasado en el Fraccionamiento Vergel Misn\u00e9, espacio pionero que ampli\u00f3 la atenci\u00f3n terap\u00e9utica especializada para infancias, adolescencias y personas adultas autistas y neurodivergentes.<\/p>\n\n\n\n<p class=\"wp-block-paragraph\">El primer centro, antes conocido como Centro de Atenci\u00f3n Terap\u00e9utica del Neurodesarrollo Infantil (CATENDI), incorpor\u00f3 un gimnasio terap\u00e9utico y un Centro de Estimulaci\u00f3n Sensorial, adem\u00e1s de \u00e1reas de comunicaci\u00f3n y lenguaje, aprendizaje y psicolog\u00eda.<\/p>\n\n\n\n<p class=\"wp-block-paragraph\">Con esta infraestructura, el Ayuntamiento proyect\u00f3 brindar entre 8 mil y 10 mil servicios al a\u00f1o y atender a cerca de 400 personas, desde los 45 d\u00edas de vida hasta los 59 a\u00f1os, provenientes tanto de M\u00e9rida como de sus comisar\u00edas.<\/p>\n\n\n\n<p class=\"wp-block-paragraph\">Hoy el primer Centro Municipal de Autismo cuenta con espacios especializados para brindar terapias de comunicaci\u00f3n y lenguaje, aprendizaje y psicolog\u00eda, as\u00ed como un \u00e1rea de estimulaci\u00f3n sensorial equipada con tecnolog\u00eda y herramientas terap\u00e9uticas.<\/p>\n\n\n\n<p class=\"wp-block-paragraph\">Adem\u00e1s, ofrece c\u00edrculos de apoyo para personas cuidadoras, actividades art\u00edsticas y experiencias en el huerto y jard\u00edn sensorial, como parte de un modelo integral que busca fortalecer tanto el desarrollo de las personas usuarias como el bienestar de sus familias.<\/p>\n\n\n\n<p class=\"wp-block-paragraph\">Con la apertura de un segundo Centro, el Ayuntamiento de M\u00e9rida refrenda su compromiso de ampliar los servicios p\u00fablicos con perspectiva de inclusi\u00f3n, acercando oportunidades de atenci\u00f3n y acompa\u00f1amiento a m\u00e1s familias de la ciudad.<\/p>\n\n\n\n<p class=\"wp-block-paragraph\">As\u00ed, M\u00e9rida contin\u00faa avanzando hacia una ciudad donde todas las personas puedan desarrollar plenamente sus capacidades y donde ninguna familia tenga que recorrer sola el camino despu\u00e9s de un diagn\u00f3stico.<\/p>\n\n\n\n<p class=\"wp-block-paragraph\">\u201cGracias por confiar, por insistir, por ense\u00f1arnos y por abrirnos los ojos y permitirnos seguir sirviendo a M\u00e9rida de coraz\u00f3n\u201d, finaliz\u00f3 la alcaldesa.<\/p>\n","protected":false},"excerpt":{"rendered":"<p>M\u00c9RIDA, Yucat\u00e1n.- Con el compromiso de seguir construyendo una M\u00e9rida m\u00e1s incluyente, cercana y humana, la presidenta municipal Cecilia Patr\u00f3n Laviada anunci\u00f3 que el pr\u00f3ximo a\u00f1o abrir\u00e1 un segundo Centro<\/p>\n","protected":false},"author":2,"featured_media":142906,"comment_status":"open","ping_status":"open","sticky":false,"template":"","format":"standard","meta":{"_jetpack_newsletter_access":"","_jetpack_dont_email_post_to_subs":false,"_jetpack_newsletter_tier_id":0,"_jetpack_memberships_contains_paywalled_content":false,"_jetpack_feature_clip_id":0,"_jetpack_memberships_contains_paid_content":false,"footnotes":"","jetpack_publicize_message":"","jetpack_publicize_feature_enabled":true,"jetpack_social_post_already_shared":true,"jetpack_social_options":{"image_generator_settings":{"template":"highway","default_image_id":0,"font":"","enabled":false},"version":2},"jetpack_post_was_ever_published":false},"categories":[14],"tags":[],"class_list":["post-142904","post","type-post","status-publish","format-standard","has-post-thumbnail","hentry","category-merida"],"jetpack_publicize_connections":[],"jetpack_sharing_enabled":true,"jetpack_shortlink":"https:\/\/wp.me\/p6id8p-BaU","jetpack_featured_media_url":"https:\/\/formalprision.com\/wp-content\/uploads\/2026\/08\/WhatsApp-Image-2026-08-31-at-4.53.54-PM.jpeg","_links":{"self":[{"href":"https:\/\/formalprision.com\/index.php?rest_route=\/wp\/v2\/posts\/142904","targetHints":{"allow":["GET"]}}],"collection":[{"href":"https:\/\/formalprision.com\/index.php?rest_route=\/wp\/v2\/posts"}],"about":[{"href":"https:\/\/formalprision.com\/index.php?rest_route=\/wp\/v2\/types\/post"}],"author":[{"embeddable":true,"href":"https:\/\/formalprision.com\/index.php?rest_route=\/wp\/v2\/users\/2"}],"replies":[{"embeddable":true,"href":"https:\/\/formalprision.com\/index.php?rest_route=%2Fwp%2Fv2%2Fcomments&post=142904"}],"version-history":[{"count":1,"href":"https:\/\/formalprision.com\/index.php?rest_route=\/wp\/v2\/posts\/142904\/revisions"}],"predecessor-version":[{"id":142905,"href":"https:\/\/formalprision.com\/index.php?rest_route=\/wp\/v2\/posts\/142904\/revisions\/142905"}],"wp:featuredmedia":[{"embeddable":true,"href":"https:\/\/formalprision.com\/index.php?rest_route=\/wp\/v2\/media\/142906"}],"wp:attachment":[{"href":"https:\/\/formalprision.com\/index.php?rest_route=%2Fwp%2Fv2%2Fmedia&parent=142904"}],"wp:term":[{"taxonomy":"category","embeddable":true,"href":"https:\/\/formalprision.com\/index.php?rest_route=%2Fwp%2Fv2%2Fcategories&post=142904"},{"taxonomy":"post_tag","embeddable":true,"href":"https:\/\/formalprision.com\/index.php?rest_route=%2Fwp%2Fv2%2Ftags&post=142904"}],"curies":[{"name":"wp","href":"https:\/\/api.w.org\/{rel}","templated":true}]}}