{"id":142917,"date":"2026-09-01T01:21:17","date_gmt":"2026-09-01T06:21:17","guid":{"rendered":"https:\/\/formalprision.com\/?p=142917"},"modified":"2026-09-01T01:21:17","modified_gmt":"2026-09-01T06:21:17","slug":"renacimiento-maya-acercara-atencion-especializada-a-los-106-municipios-con-centro-estatal-de-autismo","status":"publish","type":"post","link":"https:\/\/formalprision.com\/?p=142917","title":{"rendered":"Renacimiento Maya acercar\u00e1 atenci\u00f3n especializada a los 106 municipios con Centro Estatal de Autismo"},"content":{"rendered":"\n<p class=\"wp-block-paragraph\"><br>\u00a0M\u00e9rida, Yucat\u00e1n, a 31 de agosto de 2026.-Con una inversi\u00f3n hist\u00f3rica de 90 millones de pesos, Yucat\u00e1n contar\u00e1 con el Centro Estatal para el Autismo (CEA), un espacio especializado que brindar\u00e1 diagn\u00f3stico, terapias y acompa\u00f1amiento integral a ni\u00f1as, ni\u00f1os, adolescentes y personas adultas autistas de los 106 municipios del estado.<br>\u00a0<br>Como parte de este compromiso, el gobernador Joaqu\u00edn D\u00edaz Mena coloc\u00f3 la primera piedra del Centro, que se construir\u00e1 en un predio de 10 mil metros cuadrados, frente al nuevo hospital Agust\u00edn O\u2019Hor\u00e1n, con el objetivo de consolidarse como un referente en el sureste del pa\u00eds.<br>\u00a0<br>D\u00edaz Mena explic\u00f3 que el Centro contar\u00e1 con consultorios m\u00e9dicos, \u00e1reas de psicolog\u00eda, c\u00e1mara de Gesell, odontolog\u00eda, terapia de lenguaje conductual, comunicaci\u00f3n humana, terapia ocupacional, gimnasio sensorial, simulador de vivienda con sala, comedor, habitaci\u00f3n y cocina, talleres para oficios, salas de capacitaci\u00f3n y un huerto.<br>\u00a0<br>Precis\u00f3 que el DIF Yucat\u00e1n aport\u00f3 40 millones de pesos y el Gobierno del Estado otros 50 millones de pesos. Tambi\u00e9n se\u00f1al\u00f3 que se solicit\u00f3 apoyo de la Beneficencia P\u00fablica nacional y del sector empresarial, que se sumar\u00e1 con la donaci\u00f3n de equipamiento, por lo que agradeci\u00f3 a Fundaci\u00f3n Bepensa por su aportaci\u00f3n e hizo un llamado a m\u00e1s empresas para sumarse a este proyecto. (Comunicado de Prensa(<br>\u00a0<\/p>\n","protected":false},"excerpt":{"rendered":"<p>\u00a0M\u00e9rida, Yucat\u00e1n, a 31 de agosto de 2026.-Con una inversi\u00f3n hist\u00f3rica de 90 millones de pesos, Yucat\u00e1n contar\u00e1 con el Centro Estatal para el Autismo (CEA), un espacio especializado que<\/p>\n","protected":false},"author":1,"featured_media":142918,"comment_status":"open","ping_status":"open","sticky":false,"template":"","format":"standard","meta":{"_jetpack_newsletter_access":"","_jetpack_dont_email_post_to_subs":false,"_jetpack_newsletter_tier_id":0,"_jetpack_memberships_contains_paywalled_content":false,"_jetpack_feature_clip_id":0,"_jetpack_memberships_contains_paid_content":false,"footnotes":"","jetpack_publicize_message":"","jetpack_publicize_feature_enabled":true,"jetpack_social_post_already_shared":true,"jetpack_social_options":{"image_generator_settings":{"template":"highway","default_image_id":0,"font":"","enabled":false},"version":2},"jetpack_post_was_ever_published":false},"categories":[14],"tags":[],"class_list":["post-142917","post","type-post","status-publish","format-standard","has-post-thumbnail","hentry","category-merida"],"jetpack_publicize_connections":[],"jetpack_sharing_enabled":true,"jetpack_shortlink":"https:\/\/wp.me\/p6id8p-Bb7","jetpack_featured_media_url":"https:\/\/formalprision.com\/wp-content\/uploads\/2026\/09\/Screenshot_2026-09-01-00-20-45-735_com.whatsapp-edit.jpg","_links":{"self":[{"href":"https:\/\/formalprision.com\/index.php?rest_route=\/wp\/v2\/posts\/142917","targetHints":{"allow":["GET"]}}],"collection":[{"href":"https:\/\/formalprision.com\/index.php?rest_route=\/wp\/v2\/posts"}],"about":[{"href":"https:\/\/formalprision.com\/index.php?rest_route=\/wp\/v2\/types\/post"}],"author":[{"embeddable":true,"href":"https:\/\/formalprision.com\/index.php?rest_route=\/wp\/v2\/users\/1"}],"replies":[{"embeddable":true,"href":"https:\/\/formalprision.com\/index.php?rest_route=%2Fwp%2Fv2%2Fcomments&post=142917"}],"version-history":[{"count":1,"href":"https:\/\/formalprision.com\/index.php?rest_route=\/wp\/v2\/posts\/142917\/revisions"}],"predecessor-version":[{"id":142919,"href":"https:\/\/formalprision.com\/index.php?rest_route=\/wp\/v2\/posts\/142917\/revisions\/142919"}],"wp:featuredmedia":[{"embeddable":true,"href":"https:\/\/formalprision.com\/index.php?rest_route=\/wp\/v2\/media\/142918"}],"wp:attachment":[{"href":"https:\/\/formalprision.com\/index.php?rest_route=%2Fwp%2Fv2%2Fmedia&parent=142917"}],"wp:term":[{"taxonomy":"category","embeddable":true,"href":"https:\/\/formalprision.com\/index.php?rest_route=%2Fwp%2Fv2%2Fcategories&post=142917"},{"taxonomy":"post_tag","embeddable":true,"href":"https:\/\/formalprision.com\/index.php?rest_route=%2Fwp%2Fv2%2Ftags&post=142917"}],"curies":[{"name":"wp","href":"https:\/\/api.w.org\/{rel}","templated":true}]}}