{"id":142926,"date":"2026-09-01T20:53:05","date_gmt":"2026-09-02T01:53:05","guid":{"rendered":"https:\/\/formalprision.com\/?p=142926"},"modified":"2026-09-01T20:53:05","modified_gmt":"2026-09-02T01:53:05","slug":"estados-unidos-le-quita-la-visa-a-ana-patricia-peralta-presidenta-municipal-de-cancun","status":"publish","type":"post","link":"https:\/\/formalprision.com\/?p=142926","title":{"rendered":"Estados Unidos le quita la visa a Ana Patricia Peralta, presidenta municipal de Canc\u00fan"},"content":{"rendered":"\n<p class=\"wp-block-paragraph\">Datos consultados por El Financiero revelan que la Fiscal\u00eda General de la Rep\u00fablica (FGR) investiga a la presidenta municipal de Canc\u00fan, Ana Patricia \u2018Ana Paty\u2019 Peralta de la Pe\u00f1a, por supuesto desv\u00edo de recursos p\u00fablicos.<\/p>\n\n\n\n<p class=\"wp-block-paragraph\">La funcionaria es se\u00f1alada por presunto desv\u00edo de recursos p\u00fablicos, supuestas operaciones vinculadas con el contrabando de hidrocarburos (huachicol fiscal), y presuntos contactos con personas relacionadas con el C\u00e1rtel de Sinaloa.<\/p>\n\n\n\n<p class=\"wp-block-paragraph\">En paralelo, autoridades de Estados Unidos determinaron retirar las visas a Ana Patricia Peralta; a su esposo Lucio Galileo Lastra Abreu; y a su suegro Lucio Galileo Lastra Escudero, confirmaron fuentes con conocimiento del caso a El Financiero.<\/p>\n\n\n\n<p class=\"wp-block-paragraph\">Hasta ahora no se han hecho p\u00fablicas las razones espec\u00edficas de las decisiones adoptadas por las autoridades estadounidenses ni se ha establecido que el retiro de las visas est\u00e9 directamente relacionado con las investigaciones que se desarrollan en M\u00e9xico.<\/p>\n","protected":false},"excerpt":{"rendered":"<p>Datos consultados por El Financiero revelan que la Fiscal\u00eda General de la Rep\u00fablica (FGR) investiga a la presidenta municipal de Canc\u00fan, Ana Patricia \u2018Ana Paty\u2019 Peralta de la Pe\u00f1a, por<\/p>\n","protected":false},"author":2,"featured_media":142928,"comment_status":"open","ping_status":"open","sticky":false,"template":"","format":"standard","meta":{"_jetpack_newsletter_access":"","_jetpack_dont_email_post_to_subs":false,"_jetpack_newsletter_tier_id":0,"_jetpack_memberships_contains_paywalled_content":false,"_jetpack_feature_clip_id":0,"_jetpack_memberships_contains_paid_content":false,"footnotes":"","jetpack_publicize_message":"","jetpack_publicize_feature_enabled":true,"jetpack_social_post_already_shared":true,"jetpack_social_options":{"image_generator_settings":{"template":"highway","default_image_id":0,"font":"","enabled":false},"version":2},"jetpack_post_was_ever_published":false},"categories":[23],"tags":[],"class_list":["post-142926","post","type-post","status-publish","format-standard","has-post-thumbnail","hentry","category-del-mundo"],"jetpack_publicize_connections":[],"jetpack_sharing_enabled":true,"jetpack_shortlink":"https:\/\/wp.me\/p6id8p-Bbg","jetpack_featured_media_url":"https:\/\/formalprision.com\/wp-content\/uploads\/2026\/09\/ana.jpg","_links":{"self":[{"href":"https:\/\/formalprision.com\/index.php?rest_route=\/wp\/v2\/posts\/142926","targetHints":{"allow":["GET"]}}],"collection":[{"href":"https:\/\/formalprision.com\/index.php?rest_route=\/wp\/v2\/posts"}],"about":[{"href":"https:\/\/formalprision.com\/index.php?rest_route=\/wp\/v2\/types\/post"}],"author":[{"embeddable":true,"href":"https:\/\/formalprision.com\/index.php?rest_route=\/wp\/v2\/users\/2"}],"replies":[{"embeddable":true,"href":"https:\/\/formalprision.com\/index.php?rest_route=%2Fwp%2Fv2%2Fcomments&post=142926"}],"version-history":[{"count":1,"href":"https:\/\/formalprision.com\/index.php?rest_route=\/wp\/v2\/posts\/142926\/revisions"}],"predecessor-version":[{"id":142927,"href":"https:\/\/formalprision.com\/index.php?rest_route=\/wp\/v2\/posts\/142926\/revisions\/142927"}],"wp:featuredmedia":[{"embeddable":true,"href":"https:\/\/formalprision.com\/index.php?rest_route=\/wp\/v2\/media\/142928"}],"wp:attachment":[{"href":"https:\/\/formalprision.com\/index.php?rest_route=%2Fwp%2Fv2%2Fmedia&parent=142926"}],"wp:term":[{"taxonomy":"category","embeddable":true,"href":"https:\/\/formalprision.com\/index.php?rest_route=%2Fwp%2Fv2%2Fcategories&post=142926"},{"taxonomy":"post_tag","embeddable":true,"href":"https:\/\/formalprision.com\/index.php?rest_route=%2Fwp%2Fv2%2Ftags&post=142926"}],"curies":[{"name":"wp","href":"https:\/\/api.w.org\/{rel}","templated":true}]}}