{"id":142932,"date":"2026-09-02T00:54:23","date_gmt":"2026-09-02T05:54:23","guid":{"rendered":"https:\/\/formalprision.com\/?p=142932"},"modified":"2026-09-02T00:54:23","modified_gmt":"2026-09-02T05:54:23","slug":"renacimiento-maya-impulsa-proteccion-para-el-agua-y-la-biodiversidad-en-beneficio-de-mas-de-137-mil-habitantes","status":"publish","type":"post","link":"https:\/\/formalprision.com\/?p=142932","title":{"rendered":"\u00a0Renacimiento Maya impulsa protecci\u00f3n para el agua y la biodiversidad en beneficio de m\u00e1s de 137 mil habitantes\u00a0"},"content":{"rendered":"\n<p class=\"wp-block-paragraph\">M\u00e9rida, Yucat\u00e1n, a 1 de septiembre de 2026-Para proteger una de las zonas m\u00e1s importantes para la recarga de agua, la biodiversidad y el patrimonio cultural maya, el gobierno de Yucat\u00e1n propuso formalmente incorporar la Reserva Estatal Biocultural del Puuc al Corredor Biocultural Gran Selva Maya, en coordinaci\u00f3n con el Gobierno de M\u00e9xico, encabezado por la Presidenta Claudia Sheinbaum Pardo, a trav\u00e9s de la Secretar\u00eda de Medio Ambiente y Recursos Naturales (Semarnat).<br>&nbsp;<br>El gobernador Joaqu\u00edn D\u00edaz Mena se\u00f1al\u00f3 que esta incorporaci\u00f3n permitir\u00eda ampliar hacia el norte la conectividad ecol\u00f3gica y biocultural de este corredor compartido por M\u00e9xico, Guatemala y Belice.<br>&nbsp;<br>Explic\u00f3 que la Reserva Estatal Biocultural del Puuc, establecida mediante decreto en 2011 y fortalecida con la aprobaci\u00f3n de su programa de manejo en 2022, conforma un territorio protegido donde convergen biodiversidad, patrimonio cultural maya, sistemas productivos tradicionales y gobernanza territorial.<br>&nbsp;<\/p>\n\n\n\n<p class=\"wp-block-paragraph\">\u201cLa Gran Selva Maya no reconoce fronteras. Nos unen el agua, la biodiversidad, nuestros pueblos originarios y una responsabilidad compartida. La naturaleza no nos pertenece; nosotros pertenecemos a ella y tenemos el deber de cuidarla, porque proteger el medio ambiente no significa detener el progreso, sino garantizar que el progreso tenga futuro. Cuenten con Yucat\u00e1n para trabajar unidos, m\u00e1s all\u00e1 de fronteras y gobiernos, por una Gran Selva Maya viva, fuerte y protegida\u201d, afirm\u00f3 el Gobernador.<br>&nbsp;<br>La Reserva Estatal Biocultural del Puuc comprende m\u00e1s de 135 mil hect\u00e1reas en los municipios de Muna, Santa Elena, Ticul, Oxkutzcab y Tekax.<br>&nbsp;<br>Adem\u00e1s de albergar una gran biodiversidad, sus zonas de mayor altitud y sus formaciones k\u00e1rsticas permiten una recarga estimada de cerca de mil 700 millones de metros c\u00fabicos de agua al acu\u00edfero peninsular, del cual depende la seguridad h\u00eddrica de toda la Pen\u00ednsula.<br>&nbsp;<br>En este territorio se encuentran registrados 92 sitios arqueol\u00f3gicos, entre ellos Uxmal, reconocido como Patrimonio Mundial por la Unesco. Tambi\u00e9n se mantienen la Milpa Maya, reconocida por la Organizaci\u00f3n de las Naciones Unidas para la Alimentaci\u00f3n y la Agricultura (FAO) como Sistema Importante del Patrimonio Agr\u00edcola Mundial; la apicultura; la meliponicultura, y los conocimientos tradicionales de las comunidades.<br>&nbsp;<br>Por su parte, la subsecretaria de Biodiversidad de la Semarnat, Marina Robles Garc\u00eda, se\u00f1al\u00f3 que el Corredor Biocultural Gran Selva Maya es una muestra de compromiso, amistad y voluntad para legar un mejor futuro a las pr\u00f3ximas generaciones. Asimismo, agradeci\u00f3 al Gobernador Joaqu\u00edn D\u00edaz Mena la hospitalidad y el compromiso demostrado con la protecci\u00f3n de los recursos naturales de Yucat\u00e1n.<br>&nbsp;<br>La Mesa de Di\u00e1logo de Alto Nivel reuni\u00f3 a representantes de los gobiernos de M\u00e9xico, Guatemala y Belice, as\u00ed como a aliados internacionales, para revisar los avances del Corredor Biocultural Gran Selva Maya y definir acciones prioritarias y mecanismos de financiamiento que dar\u00e1n continuidad a esta iniciativa durante los pr\u00f3ximos a\u00f1os.<br>&nbsp;<\/p>\n","protected":false},"excerpt":{"rendered":"<p>M\u00e9rida, Yucat\u00e1n, a 1 de septiembre de 2026-Para proteger una de las zonas m\u00e1s importantes para la recarga de agua, la biodiversidad y el patrimonio cultural maya, el gobierno de<\/p>\n","protected":false},"author":1,"featured_media":142933,"comment_status":"open","ping_status":"open","sticky":false,"template":"","format":"standard","meta":{"_jetpack_newsletter_access":"","_jetpack_dont_email_post_to_subs":false,"_jetpack_newsletter_tier_id":0,"_jetpack_memberships_contains_paywalled_content":false,"_jetpack_feature_clip_id":0,"_jetpack_memberships_contains_paid_content":false,"footnotes":"","jetpack_publicize_message":"","jetpack_publicize_feature_enabled":true,"jetpack_social_post_already_shared":true,"jetpack_social_options":{"image_generator_settings":{"template":"highway","default_image_id":0,"font":"","enabled":false},"version":2},"jetpack_post_was_ever_published":false},"categories":[14],"tags":[],"class_list":["post-142932","post","type-post","status-publish","format-standard","has-post-thumbnail","hentry","category-merida"],"jetpack_publicize_connections":[],"jetpack_sharing_enabled":true,"jetpack_shortlink":"https:\/\/wp.me\/p6id8p-Bbm","jetpack_featured_media_url":"https:\/\/formalprision.com\/wp-content\/uploads\/2026\/09\/IMG-20260901-WA0091.jpg","_links":{"self":[{"href":"https:\/\/formalprision.com\/index.php?rest_route=\/wp\/v2\/posts\/142932","targetHints":{"allow":["GET"]}}],"collection":[{"href":"https:\/\/formalprision.com\/index.php?rest_route=\/wp\/v2\/posts"}],"about":[{"href":"https:\/\/formalprision.com\/index.php?rest_route=\/wp\/v2\/types\/post"}],"author":[{"embeddable":true,"href":"https:\/\/formalprision.com\/index.php?rest_route=\/wp\/v2\/users\/1"}],"replies":[{"embeddable":true,"href":"https:\/\/formalprision.com\/index.php?rest_route=%2Fwp%2Fv2%2Fcomments&post=142932"}],"version-history":[{"count":1,"href":"https:\/\/formalprision.com\/index.php?rest_route=\/wp\/v2\/posts\/142932\/revisions"}],"predecessor-version":[{"id":142934,"href":"https:\/\/formalprision.com\/index.php?rest_route=\/wp\/v2\/posts\/142932\/revisions\/142934"}],"wp:featuredmedia":[{"embeddable":true,"href":"https:\/\/formalprision.com\/index.php?rest_route=\/wp\/v2\/media\/142933"}],"wp:attachment":[{"href":"https:\/\/formalprision.com\/index.php?rest_route=%2Fwp%2Fv2%2Fmedia&parent=142932"}],"wp:term":[{"taxonomy":"category","embeddable":true,"href":"https:\/\/formalprision.com\/index.php?rest_route=%2Fwp%2Fv2%2Fcategories&post=142932"},{"taxonomy":"post_tag","embeddable":true,"href":"https:\/\/formalprision.com\/index.php?rest_route=%2Fwp%2Fv2%2Ftags&post=142932"}],"curies":[{"name":"wp","href":"https:\/\/api.w.org\/{rel}","templated":true}]}}