{"id":142956,"date":"2026-09-03T11:05:22","date_gmt":"2026-09-03T16:05:22","guid":{"rendered":"https:\/\/formalprision.com\/?p=142956"},"modified":"2026-09-03T11:05:22","modified_gmt":"2026-09-03T16:05:22","slug":"renacimiento-maya-cumple-y-avanza-hacia-la-soberania-energetica-de-yucatan-con-inversion-de-9-mil-250-mdp","status":"publish","type":"post","link":"https:\/\/formalprision.com\/?p=142956","title":{"rendered":"Renacimiento Maya cumple y avanza hacia la soberan\u00eda energ\u00e9tica de Yucat\u00e1n con inversi\u00f3n de 9 mil 250 mdp"},"content":{"rendered":"\n<p class=\"wp-block-paragraph\">M\u00e9rida, Yucat\u00e1n, a 3 de septiembre de 2026.-Yucat\u00e1n avanzar\u00e1 hacia una mayor seguridad y soberan\u00eda energ\u00e9tica con el Parque E\u00f3lico Panab\u00e1, proyecto que en su fase final generar\u00e1 252 megawatts (MW), energ\u00eda equivalente al consumo de m\u00e1s de 300 mil hogares, con una inversi\u00f3n de nueve mil 250 millones de pesos.<br>&nbsp;<br>El proyecto, presentado ante el gobernador Joaqu\u00edn D\u00edaz Mena, ampliar\u00e1 la capacidad de generaci\u00f3n de energ\u00eda limpia, fortalecer\u00e1 el sistema el\u00e9ctrico de la entidad y brindar\u00e1 mayor certeza energ\u00e9tica para las familias y las empresas.<br>&nbsp;<br>Asimismo, impulsar\u00e1 la econom\u00eda del nororiente del estado mediante la creaci\u00f3n de empleos bien remunerados, la contrataci\u00f3n de proveedur\u00eda local y obras de infraestructura social en comunidades de Panab\u00e1.<br>&nbsp;<br>D\u00edaz Mena conoci\u00f3 los detalles de esta inversi\u00f3n desarrollada por Genux, en asociaci\u00f3n con Glencore, cuya construcci\u00f3n est\u00e1 programada para iniciar en diciembre de este a\u00f1o e incluye 60 aerogeneradores y 85 kil\u00f3metros de nueva infraestructura de transmisi\u00f3n el\u00e9ctrica.<br>&nbsp;<br>Al dirigir su mensaje, el gobernador afirm\u00f3 que su administraci\u00f3n brindar\u00e1 acompa\u00f1amiento institucional a las empresas para facilitar el desarrollo y la construcci\u00f3n de este proyecto, largamente esperado por las comunidades del nororiente de Yucat\u00e1n.<\/p>\n\n\n\n<p class=\"wp-block-paragraph\">A su vez, la directora ejecutiva de GenuX, Patricia Tatto, detall\u00f3 que el Parque E\u00f3lico Panab\u00e1, desarrollado en asociaci\u00f3n con Glencore, alcanzar\u00e1 una capacidad de generaci\u00f3n de 252 MW mediante 60 aerogeneradores y contar\u00e1 con 85 kil\u00f3metros de infraestructura de transmisi\u00f3n el\u00e9ctrica.<br>&nbsp;<br>Agreg\u00f3 que la construcci\u00f3n comenzar\u00e1 en diciembre y que el proyecto destinar\u00e1 71 millones de pesos a obras de infraestructura social en Yalsih\u00f3n y San Francisco, comisar\u00edas de Panab\u00e1, como resultado del di\u00e1logo y la consulta realizados con ambas comunidades. (Comunicado de Prensa)<br>&nbsp;<\/p>\n","protected":false},"excerpt":{"rendered":"<p>M\u00e9rida, Yucat\u00e1n, a 3 de septiembre de 2026.-Yucat\u00e1n avanzar\u00e1 hacia una mayor seguridad y soberan\u00eda energ\u00e9tica con el Parque E\u00f3lico Panab\u00e1, proyecto que en su fase final generar\u00e1 252 megawatts<\/p>\n","protected":false},"author":1,"featured_media":142957,"comment_status":"open","ping_status":"open","sticky":false,"template":"","format":"standard","meta":{"_jetpack_newsletter_access":"","_jetpack_dont_email_post_to_subs":false,"_jetpack_newsletter_tier_id":0,"_jetpack_memberships_contains_paywalled_content":false,"_jetpack_feature_clip_id":0,"_jetpack_memberships_contains_paid_content":false,"footnotes":"","jetpack_publicize_message":"","jetpack_publicize_feature_enabled":true,"jetpack_social_post_already_shared":true,"jetpack_social_options":{"image_generator_settings":{"template":"highway","default_image_id":0,"font":"","enabled":false},"version":2},"jetpack_post_was_ever_published":false},"categories":[14],"tags":[],"class_list":["post-142956","post","type-post","status-publish","format-standard","has-post-thumbnail","hentry","category-merida"],"jetpack_publicize_connections":[],"jetpack_sharing_enabled":true,"jetpack_shortlink":"https:\/\/wp.me\/p6id8p-BbK","jetpack_featured_media_url":"https:\/\/formalprision.com\/wp-content\/uploads\/2026\/09\/IMG-20260903-WA0013.jpg","_links":{"self":[{"href":"https:\/\/formalprision.com\/index.php?rest_route=\/wp\/v2\/posts\/142956","targetHints":{"allow":["GET"]}}],"collection":[{"href":"https:\/\/formalprision.com\/index.php?rest_route=\/wp\/v2\/posts"}],"about":[{"href":"https:\/\/formalprision.com\/index.php?rest_route=\/wp\/v2\/types\/post"}],"author":[{"embeddable":true,"href":"https:\/\/formalprision.com\/index.php?rest_route=\/wp\/v2\/users\/1"}],"replies":[{"embeddable":true,"href":"https:\/\/formalprision.com\/index.php?rest_route=%2Fwp%2Fv2%2Fcomments&post=142956"}],"version-history":[{"count":1,"href":"https:\/\/formalprision.com\/index.php?rest_route=\/wp\/v2\/posts\/142956\/revisions"}],"predecessor-version":[{"id":142958,"href":"https:\/\/formalprision.com\/index.php?rest_route=\/wp\/v2\/posts\/142956\/revisions\/142958"}],"wp:featuredmedia":[{"embeddable":true,"href":"https:\/\/formalprision.com\/index.php?rest_route=\/wp\/v2\/media\/142957"}],"wp:attachment":[{"href":"https:\/\/formalprision.com\/index.php?rest_route=%2Fwp%2Fv2%2Fmedia&parent=142956"}],"wp:term":[{"taxonomy":"category","embeddable":true,"href":"https:\/\/formalprision.com\/index.php?rest_route=%2Fwp%2Fv2%2Fcategories&post=142956"},{"taxonomy":"post_tag","embeddable":true,"href":"https:\/\/formalprision.com\/index.php?rest_route=%2Fwp%2Fv2%2Ftags&post=142956"}],"curies":[{"name":"wp","href":"https:\/\/api.w.org\/{rel}","templated":true}]}}