{"id":142962,"date":"2026-09-03T19:23:04","date_gmt":"2026-09-04T00:23:04","guid":{"rendered":"https:\/\/formalprision.com\/?p=142962"},"modified":"2026-09-03T20:06:49","modified_gmt":"2026-09-04T01:06:49","slug":"invita-cecilia-patron-a-participar-contra-las-adicciones-con-la-carrera-d-a-r-e-2026-correr-con-valentia-y-corazon","status":"publish","type":"post","link":"https:\/\/formalprision.com\/?p=142962","title":{"rendered":"Invita Cecilia Patr\u00f3n a participar contra las adicciones con la carrera D.A.R.E. 2026"},"content":{"rendered":"\n<p class=\"wp-block-paragraph\">M\u00c9RIDA, Yucat\u00e1n.- Con el llamado a construir una M\u00e9rida m\u00e1s segura desde la prevenci\u00f3n, la convivencia familiar y el deporte, la presidenta municipal de M\u00e9rida, Cecilia Patr\u00f3n Laviada, invit\u00f3 a las familias meridanas a participar en la tradicional Carrera D.A.R.E. 2026 \u201cCorre con Valent\u00eda y Coraz\u00f3n\u201d, que este a\u00f1o conmemora los 18 a\u00f1os de trabajo del programa en beneficio de ni\u00f1os y j\u00f3venes de la ciudad.<\/p>\n\n\n\n<p class=\"wp-block-paragraph\">\u201cEsta carrera no se trata de llegar primero, se trata de que lleguemos juntos, que lleguemos en comunidad. Es una oportunidad para que madres y padres corran con sus hijos, que las y los j\u00f3venes encuentren en el deporte una alternativa sana de convivencia y que las familias disfruten de una ma\u00f1ana activa y diferente\u201d, expres\u00f3 la alcaldesa.&nbsp;<\/p>\n\n\n\n<p class=\"wp-block-paragraph\">La carrera se llevar\u00e1 a cabo el pr\u00f3ximo 27 de septiembre en el Jard\u00edn Bepensa, ubicado en la avenida M\u00e9rida 2000, en una nueva sede para acercar esta actividad a las familias del poniente de M\u00e9rida. Antes se realizaba en Paseo de Montejo.<\/p>\n\n\n\n<p class=\"wp-block-paragraph\">La edici\u00f3n 2026 contempla una carrera de 5 kil\u00f3metros y una caminata de 3 kil\u00f3metros, con una meta de reunir a 1 mil 500 participantes, entre ellos 1 mil estudiantes patrocinados de D.A.R.E. y 500 lugares disponibles para el p\u00fablico general, adem\u00e1s de familias, empresas, instituciones y aliados.<\/p>\n\n\n\n<p class=\"wp-block-paragraph\">La carrera de 5 K contar\u00e1 con las categor\u00edas Juvenil, de 14 a 17 a\u00f1os; Libre, de 18 a 39 a\u00f1os; M\u00e1ster, de 40 a 49 a\u00f1os; y Veterano, para mayores de 50 a\u00f1os. Los participantes recibir\u00e1n un kit que incluye playera y medalla de participaci\u00f3n, mientras que los primeros lugares recibir\u00e1n trofeos. Tambi\u00e9n habr\u00e1 hidrataci\u00f3n y un \u00e1rea de esparcimiento para ni\u00f1as y ni\u00f1os.<\/p>\n\n\n\n<p class=\"wp-block-paragraph\">Las inscripciones estar\u00e1n abiertas del 3 al 23 de septiembre, con un costo de 250 pesos para el p\u00fablico general, a trav\u00e9s de www.daremerida.org y en los puntos presenciales: ProHispen en la colonia M\u00e9xico, Showroom VD en City Center, Credivive Itz\u00e1es, Credivive Kukulc\u00e1n, y el Palacio Municipal.<\/p>\n\n\n\n<p class=\"wp-block-paragraph\">La presidenta municipal destac\u00f3 que D.A.R.E. representa una de las principales estrategias preventivas del Ayuntamiento, al brindar a ni\u00f1as, ni\u00f1os, adolescentes y juventudes herramientas para la vida, fortalecer la toma de decisiones seguras y promover estilos de vida saludables.<\/p>\n\n\n\n<p class=\"wp-block-paragraph\">En este sentido, reconoci\u00f3 el trabajo que realizan diariamente los elementos de la Polic\u00eda Municipal de M\u00e9rida y, particularmente, el equipo D.A.R.E., integrado por 20 polic\u00edas capacitados y certificados internacionalmente en el modelo preventivo. El programa ha atendido a m\u00e1s de 80 mil estudiantes, as\u00ed como vecinas y vecinos, mediante cursos, talleres, pl\u00e1ticas, visitas escolares y actividades l\u00fadicas, recreativas y deportivas.<\/p>\n\n\n\n<p class=\"wp-block-paragraph\">Tambi\u00e9n destac\u00f3 que, de acuerdo con la Encuesta Nacional de Seguridad P\u00fablica Urbana (ENSU) del INEGI, el 72.9 por ciento de la ciudadan\u00eda manifest\u00f3 tener mucha o algo de confianza en la Polic\u00eda Municipal de M\u00e9rida, porcentaje que coloca a la ciudad en el quinto lugar nacional en confianza hacia su polic\u00eda municipal.<\/p>\n\n\n\n<p class=\"wp-block-paragraph\">\u201cEstos n\u00fameros no son producto de la casualidad; hay trabajo, hay polic\u00edas en las calles, hay capacitaci\u00f3n, inversi\u00f3n y equipo\u201d, se\u00f1al\u00f3 Patr\u00f3n Laviada.<\/p>\n\n\n\n<p class=\"wp-block-paragraph\">A\u00f1adi\u00f3 que el Ayuntamiento contin\u00faa fortaleciendo los espacios deportivos como parte de las acciones de prevenci\u00f3n, con la intervenci\u00f3n de 88 canchas de usos m\u00faltiples y la renovaci\u00f3n de las luminarias de campos deportivos y canchas con tecnolog\u00eda LED, con el prop\u00f3sito de generar espacios de mayor calidad, seguridad y aprovechamiento para ni\u00f1as, ni\u00f1os y j\u00f3venes.<\/p>\n\n\n\n<p class=\"wp-block-paragraph\">Finalmente, Cecilia Patr\u00f3n convoc\u00f3 a las familias de M\u00e9rida a sumarse a esta celebraci\u00f3n de 18 a\u00f1os de prevenci\u00f3n y a hacer de la Carrera D.A.R.E. 5K 2026 una gran fiesta comunitaria.<\/p>\n\n\n\n<p class=\"wp-block-paragraph\">\u201cCorramos por nuestros ni\u00f1os y ni\u00f1as, por nuestros j\u00f3venes y, sobre todo, corramos con valent\u00eda y con coraz\u00f3n\u201d, expres\u00f3.<\/p>\n\n\n\n<p class=\"wp-block-paragraph\">Por su parte,&nbsp;Nerio Torres Arcila, presidente de Vive Fundaci\u00f3n, dio a conocer que apoya D.A.R.E. porque la prevenci\u00f3n es la estructura que sostiene el futuro de la comunidad y las cifras nos exigen actuar, pues seg\u00fan datos de la Encuesta Nacional de Consumo de Drogas, Alcohol y Tabaco, la prevalencia del consumo de sustancias en nuestro pa\u00eds sigue a la alza.<\/p>\n\n\n\n<p class=\"wp-block-paragraph\">\u201cEste problema no distingue g\u00e9nero, el inicio es cada vez m\u00e1s temprano en el uso de sustancias y alcohol desde la ni\u00f1ez. La prevenci\u00f3n es una responsabilidad compartida, as\u00ed que frente a esta realidad necesitamos hacer un llamado urgente a la alianza entre la escuela y el hogar, entre la sociedad civil y gobierno\u201d, afirm\u00f3.<\/p>\n\n\n\n<p class=\"wp-block-paragraph\">El deporte es una herramienta fundamental para la prevenci\u00f3n, pues fomenta valores como la disciplina, la constancia, el esfuerzo y el compa\u00f1erismo, al mismo tiempo que genera espacios de convivencia para las familias.<\/p>\n\n\n\n<p class=\"wp-block-paragraph\">Acompa\u00f1aron a la alcaldesa Margarita D\u00edaz Rubio, presidenta honoraria del Patronato D.A.R.E. de M\u00e9rida; Carlos Mart\u00edn Brice\u00f1o, director de Fundaci\u00f3n Bepensa; Comisario Carlos Ricardo Marsh Ibarra, director de la Polic\u00eda Municipal; Jos\u00e9 Luis Gonz\u00e1lez Caba\u00f1as, subdirector de Prevenci\u00f3n Social del Delito y&nbsp; Participaci\u00f3n Ciudadana; Edgardo Mart\u00ednez Duarte, director general de Grupo Vive 8; Vanessa Castro Guti\u00e9rrez, directora ejecutiva de Vive Fundaci\u00f3n, y elemento del programa D.A.R.E.<\/p>\n","protected":false},"excerpt":{"rendered":"<p>M\u00c9RIDA, Yucat\u00e1n.- Con el llamado a construir una M\u00e9rida m\u00e1s segura desde la prevenci\u00f3n, la convivencia familiar y el deporte, la presidenta municipal de M\u00e9rida, Cecilia Patr\u00f3n Laviada, invit\u00f3 a<\/p>\n","protected":false},"author":2,"featured_media":142964,"comment_status":"open","ping_status":"open","sticky":false,"template":"","format":"standard","meta":{"_jetpack_newsletter_access":"","_jetpack_dont_email_post_to_subs":false,"_jetpack_newsletter_tier_id":0,"_jetpack_memberships_contains_paywalled_content":false,"_jetpack_feature_clip_id":0,"_jetpack_memberships_contains_paid_content":false,"footnotes":"","jetpack_publicize_message":"","jetpack_publicize_feature_enabled":true,"jetpack_social_post_already_shared":true,"jetpack_social_options":{"image_generator_settings":{"template":"highway","default_image_id":0,"font":"","enabled":false},"version":2},"jetpack_post_was_ever_published":false},"categories":[54],"tags":[],"class_list":["post-142962","post","type-post","status-publish","format-standard","has-post-thumbnail","hentry","category-yucatan"],"jetpack_publicize_connections":[],"jetpack_sharing_enabled":true,"jetpack_shortlink":"https:\/\/wp.me\/p6id8p-BbQ","jetpack_featured_media_url":"https:\/\/formalprision.com\/wp-content\/uploads\/2026\/09\/WhatsApp-Image-2026-09-03-at-5.12.24-PM.jpeg","_links":{"self":[{"href":"https:\/\/formalprision.com\/index.php?rest_route=\/wp\/v2\/posts\/142962","targetHints":{"allow":["GET"]}}],"collection":[{"href":"https:\/\/formalprision.com\/index.php?rest_route=\/wp\/v2\/posts"}],"about":[{"href":"https:\/\/formalprision.com\/index.php?rest_route=\/wp\/v2\/types\/post"}],"author":[{"embeddable":true,"href":"https:\/\/formalprision.com\/index.php?rest_route=\/wp\/v2\/users\/2"}],"replies":[{"embeddable":true,"href":"https:\/\/formalprision.com\/index.php?rest_route=%2Fwp%2Fv2%2Fcomments&post=142962"}],"version-history":[{"count":2,"href":"https:\/\/formalprision.com\/index.php?rest_route=\/wp\/v2\/posts\/142962\/revisions"}],"predecessor-version":[{"id":142968,"href":"https:\/\/formalprision.com\/index.php?rest_route=\/wp\/v2\/posts\/142962\/revisions\/142968"}],"wp:featuredmedia":[{"embeddable":true,"href":"https:\/\/formalprision.com\/index.php?rest_route=\/wp\/v2\/media\/142964"}],"wp:attachment":[{"href":"https:\/\/formalprision.com\/index.php?rest_route=%2Fwp%2Fv2%2Fmedia&parent=142962"}],"wp:term":[{"taxonomy":"category","embeddable":true,"href":"https:\/\/formalprision.com\/index.php?rest_route=%2Fwp%2Fv2%2Fcategories&post=142962"},{"taxonomy":"post_tag","embeddable":true,"href":"https:\/\/formalprision.com\/index.php?rest_route=%2Fwp%2Fv2%2Ftags&post=142962"}],"curies":[{"name":"wp","href":"https:\/\/api.w.org\/{rel}","templated":true}]}}