{"id":142965,"date":"2026-09-03T19:58:30","date_gmt":"2026-09-04T00:58:30","guid":{"rendered":"https:\/\/formalprision.com\/?p=142965"},"modified":"2026-09-03T23:12:24","modified_gmt":"2026-09-04T04:12:24","slug":"luego-de-anos-de-abandono-el-renacimiento-maya-lleva-bienestar-a-familias-de-merida","status":"publish","type":"post","link":"https:\/\/formalprision.com\/?p=142965","title":{"rendered":"Renacimiento Maya lleva bienestar a familias de M\u00e9rida\u00a0"},"content":{"rendered":"\n<p class=\"wp-block-paragraph\">M\u00e9rida, Yucat\u00e1n, a 3 septiembre de 2026.-El Plan Bienestar Metropolitano se traduce en obras para recuperar y modernizar los espacios p\u00fablicos de M\u00e9rida. Con inversi\u00f3n productiva, orden y atenci\u00f3n a las necesidades de cada comunidad, el gobierno del Renacimiento Maya mejora el entorno urbano en favor de m\u00e1s de 830 mil habitantes de la capital yucateca.<br>&nbsp;<br>Como parte de esta estrategia, el Gobierno del Estado invierte 4.4 millones de pesos en la construcci\u00f3n de un domo y la modernizaci\u00f3n de la cancha de usos m\u00faltiples del parque Emancipaci\u00f3n, en el fraccionamiento Vergel II, para que ni\u00f1as, ni\u00f1os, j\u00f3venes y personas adultas cuenten con un espacio digno, seguro y protegido del sol y la lluvia para realizar actividades deportivas, recreativas y comunitarias.<br>&nbsp;<br>El gobernador Joaqu\u00edn D\u00edaz Mena supervis\u00f3 los avances de esta obra, que responde a una solicitud ciudadana planteada durante los Di\u00e1logos con el Pueblo. Durante a\u00f1os, este punto de encuentro permaneci\u00f3 deteriorado por la falta de mantenimiento y sin las condiciones necesarias para proteger de las inclemencias del tiempo a quienes acuden a practicar deporte o convivir.<br>&nbsp;<br>Con esta intervenci\u00f3n, el Plan Bienestar Metropolitano atiende el abandono hist\u00f3rico de la infraestructura urbana mediante obras que fortalecen el tejido social, promueven la convivencia comunitaria y mejoran directamente la calidad de vida de las familias de M\u00e9rida y sus comisar\u00edas.<br>&nbsp;<br>El director general del Instituto para la Construcci\u00f3n y Conservaci\u00f3n de Obra P\u00fablica en Yucat\u00e1n (Inccopy), Jos\u00e9 Isaac Gonz\u00e1lez Bernal, inform\u00f3 que los trabajos registran un avance de 65%, por lo que pr\u00f3ximamente las familias de la zona podr\u00e1n disfrutar de una cancha renovada, equipada con domo y gradas.<br>&nbsp;<br>Explic\u00f3 que la intervenci\u00f3n comprende una superficie superior a 700 metros cuadrados, incluidos los andadores. Asimismo, se realizar\u00e1n trabajos complementarios, como la instalaci\u00f3n de malla perimetral, tableros acr\u00edlicos y un sistema de iluminaci\u00f3n. (Comunicado de Prensa)<br>&nbsp;<\/p>\n","protected":false},"excerpt":{"rendered":"<p>M\u00e9rida, Yucat\u00e1n, a 3 septiembre de 2026.-El Plan Bienestar Metropolitano se traduce en obras para recuperar y modernizar los espacios p\u00fablicos de M\u00e9rida. Con inversi\u00f3n productiva, orden y atenci\u00f3n a<\/p>\n","protected":false},"author":1,"featured_media":142966,"comment_status":"open","ping_status":"open","sticky":false,"template":"","format":"standard","meta":{"_jetpack_newsletter_access":"","_jetpack_dont_email_post_to_subs":false,"_jetpack_newsletter_tier_id":0,"_jetpack_memberships_contains_paywalled_content":false,"_jetpack_feature_clip_id":0,"_jetpack_memberships_contains_paid_content":false,"footnotes":"","jetpack_publicize_message":"","jetpack_publicize_feature_enabled":true,"jetpack_social_post_already_shared":true,"jetpack_social_options":{"image_generator_settings":{"template":"highway","default_image_id":0,"font":"","enabled":false},"version":2},"jetpack_post_was_ever_published":false},"categories":[14],"tags":[],"class_list":["post-142965","post","type-post","status-publish","format-standard","has-post-thumbnail","hentry","category-merida"],"jetpack_publicize_connections":[],"jetpack_sharing_enabled":true,"jetpack_shortlink":"https:\/\/wp.me\/p6id8p-BbT","jetpack_featured_media_url":"https:\/\/formalprision.com\/wp-content\/uploads\/2026\/09\/IMG-20260903-WA0049.jpg","_links":{"self":[{"href":"https:\/\/formalprision.com\/index.php?rest_route=\/wp\/v2\/posts\/142965","targetHints":{"allow":["GET"]}}],"collection":[{"href":"https:\/\/formalprision.com\/index.php?rest_route=\/wp\/v2\/posts"}],"about":[{"href":"https:\/\/formalprision.com\/index.php?rest_route=\/wp\/v2\/types\/post"}],"author":[{"embeddable":true,"href":"https:\/\/formalprision.com\/index.php?rest_route=\/wp\/v2\/users\/1"}],"replies":[{"embeddable":true,"href":"https:\/\/formalprision.com\/index.php?rest_route=%2Fwp%2Fv2%2Fcomments&post=142965"}],"version-history":[{"count":2,"href":"https:\/\/formalprision.com\/index.php?rest_route=\/wp\/v2\/posts\/142965\/revisions"}],"predecessor-version":[{"id":142985,"href":"https:\/\/formalprision.com\/index.php?rest_route=\/wp\/v2\/posts\/142965\/revisions\/142985"}],"wp:featuredmedia":[{"embeddable":true,"href":"https:\/\/formalprision.com\/index.php?rest_route=\/wp\/v2\/media\/142966"}],"wp:attachment":[{"href":"https:\/\/formalprision.com\/index.php?rest_route=%2Fwp%2Fv2%2Fmedia&parent=142965"}],"wp:term":[{"taxonomy":"category","embeddable":true,"href":"https:\/\/formalprision.com\/index.php?rest_route=%2Fwp%2Fv2%2Fcategories&post=142965"},{"taxonomy":"post_tag","embeddable":true,"href":"https:\/\/formalprision.com\/index.php?rest_route=%2Fwp%2Fv2%2Ftags&post=142965"}],"curies":[{"name":"wp","href":"https:\/\/api.w.org\/{rel}","templated":true}]}}