{"id":142972,"date":"2026-09-03T20:57:46","date_gmt":"2026-09-04T01:57:46","guid":{"rendered":"https:\/\/formalprision.com\/?p=142972"},"modified":"2026-09-03T23:13:12","modified_gmt":"2026-09-04T04:13:12","slug":"el-centro-municipal-de-musica-cuenta-con-su-primera-generacion-de-egresados","status":"publish","type":"post","link":"https:\/\/formalprision.com\/?p=142972","title":{"rendered":"El Centro Municipal de M\u00fasica cuenta con su primera generaci\u00f3n de egresados"},"content":{"rendered":"\n<p class=\"wp-block-paragraph\">M\u00c9RIDA, Yucat\u00e1n.- La presidenta municipal de M\u00e9rida, Cecilia Patr\u00f3n Laviada, entreg\u00f3 certificados correspondientes a la primera generaci\u00f3n de alumnas y alumnos del Centro Municipal de M\u00fasica, un semillero para la iniciaci\u00f3n musical y de desarrollo de talentos meridanos.<\/p>\n\n\n\n<p class=\"wp-block-paragraph\">\u201cGracias a su esfuerzo, a su trabajo constante y amor por la m\u00fasica, se encuentran listas y listos para continuar aprendiendo, a ir m\u00e1s all\u00e1 tomando ense\u00f1anzas en otras instituciones, con la certeza de que cuentan con los conocimientos necesarios para emprender un nuevo desaf\u00edo y llegar m\u00e1s lejos\u201d, extern\u00f3 la edil a los reci\u00e9n egresados.&nbsp;<\/p>\n\n\n\n<p class=\"wp-block-paragraph\">Agreg\u00f3 que este Centro representa un compromiso con el arte y con la cultura, con las infancias y juventudes, para que cuenten con oportunidades de desarrollo justas y a su alcance.<\/p>\n\n\n\n<p class=\"wp-block-paragraph\">La alcaldesa agradeci\u00f3 el acompa\u00f1amiento de directivos, docentes, familiares y tutores en los momentos de resiliencia para adaptarse, por promover estos espacios y el apoyo formativo, y llevar el talento a un siguiente nivel.<\/p>\n\n\n\n<p class=\"wp-block-paragraph\">Por su parte, Karla Berr\u00f3n C\u00e1mara, directora de Identidad y Cultura, felicit\u00f3 a las y los 25 egresados que cierran un ciclo para dar un paso a un futuro prometedor, \u201cy si as\u00ed lo deciden, con trabajo, constancia y responsabilidad, la cultura y la vida art\u00edstica de M\u00e9rida estar\u00e1 en sus manos en los pr\u00f3ximos a\u00f1os\u201d.<\/p>\n\n\n\n<p class=\"wp-block-paragraph\">Destac\u00f3 que desde el Ayuntamiento se impulsa el arte y la cultura para que m\u00e1s personas de todas las edades puedan acceder a esta oportunidad. A la fecha se cuenta con otros Centros Culturales donde se promueve el aprendizaje, como el Centro Cultural del Sur, el Instituto Municipal para el Fortalecimiento de la Cultura Maya, el Centro Municipal de Danza, el Museo de la Ciudad de M\u00e9rida, y el Museo de Historia Natural.&nbsp;<\/p>\n\n\n\n<p class=\"wp-block-paragraph\">A nombre de los egresados, Magnolia Alejandra Castro Rodr\u00edguez, dijo que est\u00e1 orgullosa de formar parte de la primera generaci\u00f3n, y record\u00f3 los primeros d\u00edas de clases con sus compa\u00f1eros y c\u00f3mo en unas pocas semanas descubrieron que hacer nueva m\u00fasica no solo se logra con adquirir la mejor t\u00e9cnica o repetir las notas, sino atreverse, experimentar y llevar la pasi\u00f3n al escenario de cada recital.<\/p>\n\n\n\n<p class=\"wp-block-paragraph\">El Centro Municipal de M\u00fasica abri\u00f3 sus puertas en septiembre de 2023, con cuatro disciplinas: guitarra, viol\u00edn, coro y piano,en un espacio que busca acercar a ni\u00f1as, ni\u00f1os y j\u00f3venes de M\u00e9rida en la iniciaci\u00f3n musical y desarrollo de capacidades art\u00edsticas.<\/p>\n\n\n\n<p class=\"wp-block-paragraph\">Ubicado en la calle 52, n\u00famero 427 A, entre 43 y 45, colonia Centro, est\u00e1 acondicionado con cinco salones para las clases regulares y un sal\u00f3n de usos m\u00faltiples. El alumnado tiene edades entre los 8 y 17 a\u00f1os, quienes respondieron a una convocatoria.&nbsp; El a\u00f1o pasado iniciaron las clases de saxof\u00f3n como una nueva opci\u00f3n formativa.<\/p>\n\n\n\n<p class=\"wp-block-paragraph\">Adem\u00e1s, este a\u00f1o se implement\u00f3 el curso de iniciaci\u00f3n musical, al cual asisten quienes se empiezan en el camino de la m\u00fasica, para luego integrarse al instrumento.<\/p>\n\n\n\n<p class=\"wp-block-paragraph\">El centro cultural tambi\u00e9n es sede de los ensayos de la Orquesta Infantil y Juvenil del Ayuntamiento y del Coro del inmueble.<\/p>\n\n\n\n<p class=\"wp-block-paragraph\">Gracias a este gran proyecto de desarrollo integral, se ejerce la accesibilidad a una formaci\u00f3n inicial, con educaci\u00f3n de calidad, que fortalece a la ni\u00f1ez y juventud local.<\/p>\n\n\n\n<p class=\"wp-block-paragraph\">Como resultado de la convocatoria 2026- 2027, un total de 43 alumnos fueron seleccionados para comenzar su formaci\u00f3n art\u00edstica.<\/p>\n","protected":false},"excerpt":{"rendered":"<p>M\u00c9RIDA, Yucat\u00e1n.- La presidenta municipal de M\u00e9rida, Cecilia Patr\u00f3n Laviada, entreg\u00f3 certificados correspondientes a la primera generaci\u00f3n de alumnas y alumnos del Centro Municipal de M\u00fasica, un semillero para la<\/p>\n","protected":false},"author":2,"featured_media":142974,"comment_status":"open","ping_status":"open","sticky":false,"template":"","format":"standard","meta":{"_jetpack_newsletter_access":"","_jetpack_dont_email_post_to_subs":false,"_jetpack_newsletter_tier_id":0,"_jetpack_memberships_contains_paywalled_content":false,"_jetpack_feature_clip_id":0,"_jetpack_memberships_contains_paid_content":false,"footnotes":"","jetpack_publicize_message":"","jetpack_publicize_feature_enabled":true,"jetpack_social_post_already_shared":true,"jetpack_social_options":{"image_generator_settings":{"template":"highway","default_image_id":0,"font":"","enabled":false},"version":2},"jetpack_post_was_ever_published":false},"categories":[1589],"tags":[],"class_list":["post-142972","post","type-post","status-publish","format-standard","has-post-thumbnail","hentry","category-rotador-inferior"],"jetpack_publicize_connections":[],"jetpack_sharing_enabled":true,"jetpack_shortlink":"https:\/\/wp.me\/p6id8p-Bc0","jetpack_featured_media_url":"https:\/\/formalprision.com\/wp-content\/uploads\/2026\/09\/WhatsApp-Image-2026-09-03-at-7.32.29-PM.jpeg","_links":{"self":[{"href":"https:\/\/formalprision.com\/index.php?rest_route=\/wp\/v2\/posts\/142972","targetHints":{"allow":["GET"]}}],"collection":[{"href":"https:\/\/formalprision.com\/index.php?rest_route=\/wp\/v2\/posts"}],"about":[{"href":"https:\/\/formalprision.com\/index.php?rest_route=\/wp\/v2\/types\/post"}],"author":[{"embeddable":true,"href":"https:\/\/formalprision.com\/index.php?rest_route=\/wp\/v2\/users\/2"}],"replies":[{"embeddable":true,"href":"https:\/\/formalprision.com\/index.php?rest_route=%2Fwp%2Fv2%2Fcomments&post=142972"}],"version-history":[{"count":1,"href":"https:\/\/formalprision.com\/index.php?rest_route=\/wp\/v2\/posts\/142972\/revisions"}],"predecessor-version":[{"id":142973,"href":"https:\/\/formalprision.com\/index.php?rest_route=\/wp\/v2\/posts\/142972\/revisions\/142973"}],"wp:featuredmedia":[{"embeddable":true,"href":"https:\/\/formalprision.com\/index.php?rest_route=\/wp\/v2\/media\/142974"}],"wp:attachment":[{"href":"https:\/\/formalprision.com\/index.php?rest_route=%2Fwp%2Fv2%2Fmedia&parent=142972"}],"wp:term":[{"taxonomy":"category","embeddable":true,"href":"https:\/\/formalprision.com\/index.php?rest_route=%2Fwp%2Fv2%2Fcategories&post=142972"},{"taxonomy":"post_tag","embeddable":true,"href":"https:\/\/formalprision.com\/index.php?rest_route=%2Fwp%2Fv2%2Ftags&post=142972"}],"curies":[{"name":"wp","href":"https:\/\/api.w.org\/{rel}","templated":true}]}}