{"id":142976,"date":"2026-09-03T21:54:10","date_gmt":"2026-09-04T02:54:10","guid":{"rendered":"https:\/\/formalprision.com\/?p=142976"},"modified":"2026-09-03T21:54:10","modified_gmt":"2026-09-04T02:54:10","slug":"movilizacion-por-incendio-en-el-decimo-piso-del-edificio-orion-en-merida","status":"publish","type":"post","link":"https:\/\/formalprision.com\/?p=142976","title":{"rendered":"Movilizaci\u00f3n por incendio en el d\u00e9cimo piso del edificio Ori\u00f3n, en M\u00e9rida"},"content":{"rendered":"\n<p class=\"wp-block-paragraph\">Bomberos de la Secretar\u00eda de Seguridad P\u00fablica (SSP) atendieron y sofocaron un incendio registrado en una oficina del d\u00e9cimo piso del edificio Ori\u00f3n, ubicado en la zona de Montebello, en M\u00e9rida, sin que se reportaran personas lesionadas.<\/p>\n\n\n\n<p class=\"wp-block-paragraph\">Ante la presencia de humo, aproximadamente 150 personas fueron evacuadas de manera preventiva mientras los cuerpos de emergencia realizaban las labores correspondientes.<\/p>\n\n\n\n<p class=\"wp-block-paragraph\">El fuego ocasion\u00f3 da\u00f1os materiales en mobiliario y diversos art\u00edculos de oficina. De manera preliminar, la probable causa estar\u00eda relacionada con un corto circuito en un equipo de aire acondicionado.<\/p>\n\n\n\n<p class=\"wp-block-paragraph\">Durante el incidente, algunos cristales resultaron da\u00f1ados y fragmentos cayeron hacia el \u00e1rea de estacionamiento, ocasionando afectaciones materiales a dos veh\u00edculos.<\/p>\n\n\n\n<p class=\"wp-block-paragraph\">Personal de Protecci\u00f3n Civil realiz\u00f3 la valoraci\u00f3n del inmueble y determin\u00f3 que \u00fanicamente el d\u00e9cimo piso deber\u00e1 permanecer sin actividad mientras se llevan a cabo las revisiones correspondientes; el resto del edificio puede continuar operando con normalidad.<\/p>\n","protected":false},"excerpt":{"rendered":"<p>Bomberos de la Secretar\u00eda de Seguridad P\u00fablica (SSP) atendieron y sofocaron un incendio registrado en una oficina del d\u00e9cimo piso del edificio Ori\u00f3n, ubicado en la zona de Montebello, en<\/p>\n","protected":false},"author":1,"featured_media":142979,"comment_status":"open","ping_status":"open","sticky":false,"template":"","format":"standard","meta":{"_jetpack_newsletter_access":"","_jetpack_dont_email_post_to_subs":false,"_jetpack_newsletter_tier_id":0,"_jetpack_memberships_contains_paywalled_content":false,"_jetpack_feature_clip_id":0,"_jetpack_memberships_contains_paid_content":false,"footnotes":"","jetpack_publicize_message":"","jetpack_publicize_feature_enabled":true,"jetpack_social_post_already_shared":true,"jetpack_social_options":{"image_generator_settings":{"template":"highway","default_image_id":0,"font":"","enabled":false},"version":2},"jetpack_post_was_ever_published":false},"categories":[54],"tags":[],"class_list":["post-142976","post","type-post","status-publish","format-standard","has-post-thumbnail","hentry","category-yucatan"],"jetpack_publicize_connections":[],"jetpack_sharing_enabled":true,"jetpack_shortlink":"https:\/\/wp.me\/p6id8p-Bc4","jetpack_featured_media_url":"https:\/\/formalprision.com\/wp-content\/uploads\/2026\/09\/IMG-20260903-WA00531.jpg","_links":{"self":[{"href":"https:\/\/formalprision.com\/index.php?rest_route=\/wp\/v2\/posts\/142976","targetHints":{"allow":["GET"]}}],"collection":[{"href":"https:\/\/formalprision.com\/index.php?rest_route=\/wp\/v2\/posts"}],"about":[{"href":"https:\/\/formalprision.com\/index.php?rest_route=\/wp\/v2\/types\/post"}],"author":[{"embeddable":true,"href":"https:\/\/formalprision.com\/index.php?rest_route=\/wp\/v2\/users\/1"}],"replies":[{"embeddable":true,"href":"https:\/\/formalprision.com\/index.php?rest_route=%2Fwp%2Fv2%2Fcomments&post=142976"}],"version-history":[{"count":1,"href":"https:\/\/formalprision.com\/index.php?rest_route=\/wp\/v2\/posts\/142976\/revisions"}],"predecessor-version":[{"id":142980,"href":"https:\/\/formalprision.com\/index.php?rest_route=\/wp\/v2\/posts\/142976\/revisions\/142980"}],"wp:featuredmedia":[{"embeddable":true,"href":"https:\/\/formalprision.com\/index.php?rest_route=\/wp\/v2\/media\/142979"}],"wp:attachment":[{"href":"https:\/\/formalprision.com\/index.php?rest_route=%2Fwp%2Fv2%2Fmedia&parent=142976"}],"wp:term":[{"taxonomy":"category","embeddable":true,"href":"https:\/\/formalprision.com\/index.php?rest_route=%2Fwp%2Fv2%2Fcategories&post=142976"},{"taxonomy":"post_tag","embeddable":true,"href":"https:\/\/formalprision.com\/index.php?rest_route=%2Fwp%2Fv2%2Ftags&post=142976"}],"curies":[{"name":"wp","href":"https:\/\/api.w.org\/{rel}","templated":true}]}}