{"id":142986,"date":"2026-09-04T15:22:34","date_gmt":"2026-09-04T20:22:34","guid":{"rendered":"https:\/\/formalprision.com\/?p=142986"},"modified":"2026-09-04T15:25:15","modified_gmt":"2026-09-04T20:25:15","slug":"acuerdan-coordinacion-y-vigilancia-para-garantizar-seguridad-durante-las-fiestas-patrias","status":"publish","type":"post","link":"https:\/\/formalprision.com\/?p=142986","title":{"rendered":"Acuerdan coordinaci\u00f3n y vigilancia para garantizar seguridad durante las fiestas patrias"},"content":{"rendered":"\n<p class=\"wp-block-paragraph\">M\u00e9rida, Yucat\u00e1n, a 4 septiembre de 2026.-Ante la proximidad de las fiestas patrias, el gobernador Joaqu\u00edn D\u00edaz Mena llam\u00f3 a reforzar la coordinaci\u00f3n entre las instituciones de seguridad para que las familias yucatecas puedan participar en las celebraciones con tranquilidad en todos los municipios del estado.<br>\u00a0<br>Durante la Mesa para la Construcci\u00f3n de Paz y Seguridad, D\u00edaz Mena tambi\u00e9n pidi\u00f3 fortalecer la vigilancia vial y mantener presencia preventiva en los entornos escolares, a fin de proteger la integridad de ni\u00f1as, ni\u00f1os y j\u00f3venes que regresaron a clases.<br>\u00a0<br>El mandatario estatal se\u00f1al\u00f3 que el inicio del curso escolar incrementa la movilidad durante las horas de mayor tr\u00e1nsito en calles, cruceros y alrededores de los planteles, por lo que destac\u00f3 la importancia de actuar con anticipaci\u00f3n y mantener una estrecha colaboraci\u00f3n entre las corporaciones.<br>\u00a0<br>Resalt\u00f3 la colaboraci\u00f3n de la Secretar\u00eda de la Defensa Nacional, la Secretar\u00eda de Marina, la 17\/a. Zona A\u00e9rea Militar, la Guardia Nacional, la Secretar\u00eda de Seguridad P\u00fablica y las polic\u00edas municipales, instituciones que suman capacidades con el prop\u00f3sito com\u00fan de preservar la paz y la seguridad en Yucat\u00e1n. (Comunicado de Prensa)<br>\u00a0<\/p>\n","protected":false},"excerpt":{"rendered":"<p>M\u00e9rida, Yucat\u00e1n, a 4 septiembre de 2026.-Ante la proximidad de las fiestas patrias, el gobernador Joaqu\u00edn D\u00edaz Mena llam\u00f3 a reforzar la coordinaci\u00f3n entre las instituciones de seguridad para que<\/p>\n","protected":false},"author":1,"featured_media":142987,"comment_status":"open","ping_status":"open","sticky":false,"template":"","format":"standard","meta":{"_jetpack_newsletter_access":"","_jetpack_dont_email_post_to_subs":false,"_jetpack_newsletter_tier_id":0,"_jetpack_memberships_contains_paywalled_content":false,"_jetpack_feature_clip_id":0,"_jetpack_memberships_contains_paid_content":false,"footnotes":"","jetpack_publicize_message":"","jetpack_publicize_feature_enabled":true,"jetpack_social_post_already_shared":true,"jetpack_social_options":{"image_generator_settings":{"template":"highway","default_image_id":0,"font":"","enabled":false},"version":2},"jetpack_post_was_ever_published":false},"categories":[14],"tags":[],"class_list":["post-142986","post","type-post","status-publish","format-standard","has-post-thumbnail","hentry","category-merida"],"jetpack_publicize_connections":[],"jetpack_sharing_enabled":true,"jetpack_shortlink":"https:\/\/wp.me\/p6id8p-Bce","jetpack_featured_media_url":"https:\/\/formalprision.com\/wp-content\/uploads\/2026\/09\/IMG-20260904-WA0046.jpg","_links":{"self":[{"href":"https:\/\/formalprision.com\/index.php?rest_route=\/wp\/v2\/posts\/142986","targetHints":{"allow":["GET"]}}],"collection":[{"href":"https:\/\/formalprision.com\/index.php?rest_route=\/wp\/v2\/posts"}],"about":[{"href":"https:\/\/formalprision.com\/index.php?rest_route=\/wp\/v2\/types\/post"}],"author":[{"embeddable":true,"href":"https:\/\/formalprision.com\/index.php?rest_route=\/wp\/v2\/users\/1"}],"replies":[{"embeddable":true,"href":"https:\/\/formalprision.com\/index.php?rest_route=%2Fwp%2Fv2%2Fcomments&post=142986"}],"version-history":[{"count":2,"href":"https:\/\/formalprision.com\/index.php?rest_route=\/wp\/v2\/posts\/142986\/revisions"}],"predecessor-version":[{"id":142989,"href":"https:\/\/formalprision.com\/index.php?rest_route=\/wp\/v2\/posts\/142986\/revisions\/142989"}],"wp:featuredmedia":[{"embeddable":true,"href":"https:\/\/formalprision.com\/index.php?rest_route=\/wp\/v2\/media\/142987"}],"wp:attachment":[{"href":"https:\/\/formalprision.com\/index.php?rest_route=%2Fwp%2Fv2%2Fmedia&parent=142986"}],"wp:term":[{"taxonomy":"category","embeddable":true,"href":"https:\/\/formalprision.com\/index.php?rest_route=%2Fwp%2Fv2%2Fcategories&post=142986"},{"taxonomy":"post_tag","embeddable":true,"href":"https:\/\/formalprision.com\/index.php?rest_route=%2Fwp%2Fv2%2Ftags&post=142986"}],"curies":[{"name":"wp","href":"https:\/\/api.w.org\/{rel}","templated":true}]}}