{"id":142999,"date":"2026-09-04T21:22:14","date_gmt":"2026-09-05T02:22:14","guid":{"rendered":"https:\/\/formalprision.com\/?p=142999"},"modified":"2026-09-04T21:22:14","modified_gmt":"2026-09-05T02:22:14","slug":"el-pri-presume-reunion-con-vicente-fox-y-llama-a-sumar-fuerzas-opositoras","status":"publish","type":"post","link":"https:\/\/formalprision.com\/?p=142999","title":{"rendered":"El PRI presume reuni\u00f3n con Vicente Fox y llama a sumar fuerzas opositoras"},"content":{"rendered":"\n<p class=\"wp-block-paragraph\">El PRI presumi\u00f3 el encuentro entre su dirigente nacional, Alejandro Moreno C\u00e1rdenas, y el expresidente Vicente Fox Quesada, en medio del llamado del partido a construir coincidencias entre las fuerzas pol\u00edticas de oposici\u00f3n.<\/p>\n\n\n\n<p class=\"wp-block-paragraph\">Fox acudi\u00f3 a la sede nacional del PRI acompa\u00f1ado por integrantes de Alma de M\u00e9xico, donde sostuvo una reuni\u00f3n con Moreno C\u00e1rdenas.<\/p>\n\n\n\n<p class=\"wp-block-paragraph\">A trav\u00e9s de sus redes sociales, el partido destac\u00f3 el encuentro y se\u00f1al\u00f3 que la defensa de la democracia, las libertades y las instituciones requiere di\u00e1logo entre distintos sectores.<\/p>\n\n\n\n<p class=\"wp-block-paragraph\">El PRI plante\u00f3 que los partidos de oposici\u00f3n, organizaciones de la sociedad civil y ciudadanos deben buscar coincidencias y fortalecer los contrapesos pol\u00edticos.<\/p>\n\n\n\n<p class=\"wp-block-paragraph\">\u201cAlito\u201d Moreno sostuvo que el PRI mantendr\u00e1 una postura de oposici\u00f3n, pero abierta a sumar esfuerzos con otros actores.<\/p>\n\n\n\n<p class=\"wp-block-paragraph\">El encuentro tambi\u00e9n coloca nuevamente a Vicente Fox en una actividad pol\u00edtica partidista, luego de haber ocupado la Presidencia de M\u00e9xico entre 2000 y 2006.<\/p>\n\n\n\n<p class=\"wp-block-paragraph\">El PRI no detall\u00f3 acuerdos concretos derivados de la reuni\u00f3n, pero present\u00f3 el encuentro como parte de su apuesta por construir una oposici\u00f3n m\u00e1s coordinada.<\/p>\n","protected":false},"excerpt":{"rendered":"<p>El PRI presumi\u00f3 el encuentro entre su dirigente nacional, Alejandro Moreno C\u00e1rdenas, y el expresidente Vicente Fox Quesada, en medio del llamado del partido a construir coincidencias entre las fuerzas<\/p>\n","protected":false},"author":2,"featured_media":143001,"comment_status":"open","ping_status":"open","sticky":false,"template":"","format":"standard","meta":{"_jetpack_newsletter_access":"","_jetpack_dont_email_post_to_subs":false,"_jetpack_newsletter_tier_id":0,"_jetpack_memberships_contains_paywalled_content":false,"_jetpack_feature_clip_id":0,"_jetpack_memberships_contains_paid_content":false,"footnotes":"","jetpack_publicize_message":"","jetpack_publicize_feature_enabled":true,"jetpack_social_post_already_shared":true,"jetpack_social_options":{"image_generator_settings":{"template":"highway","default_image_id":0,"font":"","enabled":false},"version":2},"jetpack_post_was_ever_published":false},"categories":[23],"tags":[],"class_list":["post-142999","post","type-post","status-publish","format-standard","has-post-thumbnail","hentry","category-del-mundo"],"jetpack_publicize_connections":[],"jetpack_sharing_enabled":true,"jetpack_shortlink":"https:\/\/wp.me\/p6id8p-Bcr","jetpack_featured_media_url":"https:\/\/formalprision.com\/wp-content\/uploads\/2026\/09\/WhatsApp-Image-2026-09-04-at-3.02.14-PM.jpeg","_links":{"self":[{"href":"https:\/\/formalprision.com\/index.php?rest_route=\/wp\/v2\/posts\/142999","targetHints":{"allow":["GET"]}}],"collection":[{"href":"https:\/\/formalprision.com\/index.php?rest_route=\/wp\/v2\/posts"}],"about":[{"href":"https:\/\/formalprision.com\/index.php?rest_route=\/wp\/v2\/types\/post"}],"author":[{"embeddable":true,"href":"https:\/\/formalprision.com\/index.php?rest_route=\/wp\/v2\/users\/2"}],"replies":[{"embeddable":true,"href":"https:\/\/formalprision.com\/index.php?rest_route=%2Fwp%2Fv2%2Fcomments&post=142999"}],"version-history":[{"count":1,"href":"https:\/\/formalprision.com\/index.php?rest_route=\/wp\/v2\/posts\/142999\/revisions"}],"predecessor-version":[{"id":143000,"href":"https:\/\/formalprision.com\/index.php?rest_route=\/wp\/v2\/posts\/142999\/revisions\/143000"}],"wp:featuredmedia":[{"embeddable":true,"href":"https:\/\/formalprision.com\/index.php?rest_route=\/wp\/v2\/media\/143001"}],"wp:attachment":[{"href":"https:\/\/formalprision.com\/index.php?rest_route=%2Fwp%2Fv2%2Fmedia&parent=142999"}],"wp:term":[{"taxonomy":"category","embeddable":true,"href":"https:\/\/formalprision.com\/index.php?rest_route=%2Fwp%2Fv2%2Fcategories&post=142999"},{"taxonomy":"post_tag","embeddable":true,"href":"https:\/\/formalprision.com\/index.php?rest_route=%2Fwp%2Fv2%2Ftags&post=142999"}],"curies":[{"name":"wp","href":"https:\/\/api.w.org\/{rel}","templated":true}]}}