{"id":143003,"date":"2026-09-05T14:35:12","date_gmt":"2026-09-05T19:35:12","guid":{"rendered":"https:\/\/formalprision.com\/?p=143003"},"modified":"2026-09-05T14:35:12","modified_gmt":"2026-09-05T19:35:12","slug":"renacimiento-maya-consolida-la-ampliacion-del-puerto-de-progreso-con-nueva-licitacion-y-avance-de-plataforma","status":"publish","type":"post","link":"https:\/\/formalprision.com\/?p=143003","title":{"rendered":"Renacimiento Maya consolida la ampliaci\u00f3n del Puerto de Progreso con nueva licitaci\u00f3n y avance de plataforma*"},"content":{"rendered":"\n<p class=\"wp-block-paragraph\">M\u00e9rida, Yucat\u00e1n, a 5 de septiembre de 2026.-La ampliaci\u00f3n y modernizaci\u00f3n del puerto de Progreso avanza con resultados visibles y entra en una nueva etapa: mientras el material extra\u00eddo durante la segunda fase de dragado ya se utiliza para rellenar la primera plataforma de 40 hect\u00e1reas, el Gobierno de M\u00e9xico public\u00f3 una nueva licitaci\u00f3n para dar continuidad a los trabajos, con una inversi\u00f3n prevista de&nbsp;mil 800 millones de pesos.<br>&nbsp;<br>Estos avances son resultado de la coordinaci\u00f3n&nbsp;entre el gobierno del Renacimiento Maya, que encabeza el Gobernador Joaqu\u00edn D\u00edaz Mena, y el de M\u00e9xico a trav\u00e9s de la Secretar\u00eda de Marina, para transformar&nbsp;el&nbsp;principal recinto portuario de Yucat\u00e1n y del sureste en una plataforma log\u00edstica y tur\u00edstica m\u00e1s competitiva, capaz de recibir embarcaciones de mayor tama\u00f1o y conectar al estado con nuevos mercados.<br>&nbsp;<br>El proyecto integral representa una inversi\u00f3n global estimada de 12 mil 225 millones de pesos y forma parte de las obras estrat\u00e9gicas impulsadas para fortalecer el desarrollo econ\u00f3mico de Yucat\u00e1n, atraer nuevas inversiones, generar empleos mejor pagados y abrir mayores oportunidades de bienestar para las familias yucatecas.<br>&nbsp;<br>La primera fase, ejecutada por el Gobierno del Estado con una inversi\u00f3n de&nbsp;mil 630 millones de pesos, ya concluy\u00f3 y gener\u00f3 360 empleos directos y&nbsp;mil 400 indirectos. &nbsp;Actualmente, se desarrolla la segunda fase de dragado en la zona de la terminal de cruceros, a cargo de SSA Marine, mediante una inversi\u00f3n privada de 948 millones de pesos.<br>&nbsp;<br>Esta intervenci\u00f3n comprende el dragado de m\u00e1s de 707 mil metros c\u00fabicos y trabajos en la curva y el sobreancho del canal, la d\u00e1rsena de ciaboga y la d\u00e1rsena de atraque.<br>&nbsp;<br>Con ello, se facilitar\u00e1n las maniobras de giro, aproximaci\u00f3n y permanencia de embarcaciones de mayor tama\u00f1o, al tiempo que se fortalecen la seguridad n\u00e1utica y la eficiencia de las operaciones portuarias.<br>&nbsp;<br>Como resultado de estos trabajos, el material extra\u00eddo ya se aprovecha para rellenar y conformar la primera plataforma de 40 hect\u00e1reas, uno de los primeros espacios f\u00edsicos de la ampliaci\u00f3n que comienza a tomar forma sobre el mar.<br>&nbsp;<br>As\u00ed, una misma intervenci\u00f3n cumple dos objetivos estrat\u00e9gicos: mejorar las condiciones de navegaci\u00f3n y utilizar el propio material dragado para avanzar en la generaci\u00f3n de nueva superficie portuaria, donde podr\u00e1n desarrollarse infraestructura y servicios para fortalecer el movimiento de mercanc\u00edas y la actividad tur\u00edstica.<br>&nbsp;<br>A este avance se suma la nueva licitaci\u00f3n publicada el pasado 3 de septiembre por el Gobierno de M\u00e9xico para ejecutar la siguiente fase de la ampliaci\u00f3n, con un recurso previsto de&nbsp;mil 800 millones de pesos&nbsp;y el dragado de&nbsp;tres millones 76 mil 370.75 metros c\u00fabicos&nbsp;en diferentes \u00e1reas estrat\u00e9gicas del recinto portuario.<br>&nbsp;<br>Los trabajos contemplan&nbsp;intervenciones en&nbsp;la zona de curva y sobreancho, el canal secundario, un \u00e1rea complementaria y las d\u00e1rsenas de atraque poniente y norte, adem\u00e1s de aprovechar el material extra\u00eddo para continuar la construcci\u00f3n del bordo perimetral, el relleno y la conformaci\u00f3n de la Plataforma Norte de 40 hect\u00e1reas.<br>&nbsp;<br>El proyecto integral permitir\u00e1 que el Puerto de Progreso pase de 34 a 114 hect\u00e1reas mediante la incorporaci\u00f3n de dos nuevas plataformas de 40 hect\u00e1reas cada una, as\u00ed como nuevas posiciones de atraque, muelles, d\u00e1rsenas de ciaboga y barreras para la disipaci\u00f3n del oleaje.<br>&nbsp;<br>Con esta coordinaci\u00f3n entre el Gobierno del Estado, el Gobierno de M\u00e9xico, la Secretar\u00eda de Marina y la iniciativa privada, el Renacimiento Maya cumple el compromiso de impulsar infraestructura estrat\u00e9gica para fortalecer el comercio y el turismo,&nbsp;as\u00ed como&nbsp;llevar los beneficios del desarrollo a m\u00e1s familias yucatecas. (Comunicado de Prensa)<br>&nbsp;<br>&nbsp;<\/p>\n","protected":false},"excerpt":{"rendered":"<p>M\u00e9rida, Yucat\u00e1n, a 5 de septiembre de 2026.-La ampliaci\u00f3n y modernizaci\u00f3n del puerto de Progreso avanza con resultados visibles y entra en una nueva etapa: mientras el material extra\u00eddo durante<\/p>\n","protected":false},"author":1,"featured_media":0,"comment_status":"open","ping_status":"open","sticky":false,"template":"","format":"standard","meta":{"_jetpack_newsletter_access":"","_jetpack_dont_email_post_to_subs":false,"_jetpack_newsletter_tier_id":0,"_jetpack_memberships_contains_paywalled_content":false,"_jetpack_feature_clip_id":0,"_jetpack_memberships_contains_paid_content":false,"footnotes":"","jetpack_publicize_message":"","jetpack_publicize_feature_enabled":true,"jetpack_social_post_already_shared":true,"jetpack_social_options":{"image_generator_settings":{"template":"highway","default_image_id":0,"font":"","enabled":false},"version":2},"jetpack_post_was_ever_published":false},"categories":[14],"tags":[],"class_list":["post-143003","post","type-post","status-publish","format-standard","hentry","category-merida"],"jetpack_publicize_connections":[],"jetpack_sharing_enabled":true,"jetpack_shortlink":"https:\/\/wp.me\/p6id8p-Bcv","jetpack_featured_media_url":"","_links":{"self":[{"href":"https:\/\/formalprision.com\/index.php?rest_route=\/wp\/v2\/posts\/143003","targetHints":{"allow":["GET"]}}],"collection":[{"href":"https:\/\/formalprision.com\/index.php?rest_route=\/wp\/v2\/posts"}],"about":[{"href":"https:\/\/formalprision.com\/index.php?rest_route=\/wp\/v2\/types\/post"}],"author":[{"embeddable":true,"href":"https:\/\/formalprision.com\/index.php?rest_route=\/wp\/v2\/users\/1"}],"replies":[{"embeddable":true,"href":"https:\/\/formalprision.com\/index.php?rest_route=%2Fwp%2Fv2%2Fcomments&post=143003"}],"version-history":[{"count":1,"href":"https:\/\/formalprision.com\/index.php?rest_route=\/wp\/v2\/posts\/143003\/revisions"}],"predecessor-version":[{"id":143005,"href":"https:\/\/formalprision.com\/index.php?rest_route=\/wp\/v2\/posts\/143003\/revisions\/143005"}],"wp:attachment":[{"href":"https:\/\/formalprision.com\/index.php?rest_route=%2Fwp%2Fv2%2Fmedia&parent=143003"}],"wp:term":[{"taxonomy":"category","embeddable":true,"href":"https:\/\/formalprision.com\/index.php?rest_route=%2Fwp%2Fv2%2Fcategories&post=143003"},{"taxonomy":"post_tag","embeddable":true,"href":"https:\/\/formalprision.com\/index.php?rest_route=%2Fwp%2Fv2%2Ftags&post=143003"}],"curies":[{"name":"wp","href":"https:\/\/api.w.org\/{rel}","templated":true}]}}