{"id":168,"date":"2015-05-18T18:13:00","date_gmt":"2015-05-18T18:13:00","guid":{"rendered":"http:\/\/formalprision.info\/2015\/05\/18\/muere-motociclista-arrollado-en-la\/"},"modified":"2015-06-03T08:21:20","modified_gmt":"2015-06-03T08:21:20","slug":"muere-motociclista-arrollado-en-la","status":"publish","type":"post","link":"https:\/\/formalprision.com\/?p=168","title":{"rendered":"Muere motociclista arrollado en la Alem\u00e1n"},"content":{"rendered":"<div class=\"\">\n<div class=\"separator\" style=\"clear: both;\"><a href=\"https:\/\/lh3.googleusercontent.com\/-IOecmAteviM\/VVor498D56I\/AAAAAAAAoIU\/893ewUgfmYE\/s640\/blogger-image--294105688.jpg\" imageanchor=\"1\" style=\"margin-left: 1em; margin-right: 1em;\"><img decoding=\"async\" border=\"0\" src=\"https:\/\/lh3.googleusercontent.com\/-IOecmAteviM\/VVor498D56I\/AAAAAAAAoIU\/893ewUgfmYE\/s640\/blogger-image--294105688.jpg\"><\/a><\/div>\n<p>En lo que constituye el segundo percance mortal de un motociclista en M\u00e9rida en los \u00faltimos d\u00edas, este lunes perdi\u00f3 la vida otro meridano en moto.<\/p><\/div>\n<div class=\"\">Ahora fue un hombre de 56 a\u00f1os, vecino de Kanas\u00edn, mismo que fue arrollado &nbsp;en la colonia Nueva Alem\u00e1n.<\/div>\n<div style=\"color: rgba(0, 0, 0, 0.701961); font-family: UICTFontTextStyleBody; font-size: 29px; -webkit-composition-fill-color: rgba(130, 98, 83, 0.0980392); box-sizing: border-box; margin: 0px; padding: 0px; border: 0px; vertical-align: baseline;\">El percance ocurri\u00f3 a las&nbsp;10 de la ma\u00f1ana&nbsp;en el Circuito Colonias por 29-A, cuando &nbsp;Mar\u00eda Esther Sol\u00eds L\u00f3pez manejaba un Nissan Sentra, placas YZA-6762, sobre la calle 29-A y al llegar a Circuito Colonias no respet\u00f3 la se\u00f1al de alto y embisti\u00f3 al motociclista, Juan Antonio Puc Couoh.<\/div>\n<div style=\"color: rgba(0, 0, 0, 0.701961); font-family: UICTFontTextStyleBody; font-size: 29px; -webkit-composition-fill-color: rgba(130, 98, 83, 0.0980392); box-sizing: border-box; margin: 0px; padding: 0px; border: 0px; vertical-align: baseline;\">El infortunado hombre muri\u00f3 al desprend\u00e9rsele el casco y golpearse contra el pavimento.<\/div>\n<div style=\"color: rgba(0, 0, 0, 0.701961); font-family: UICTFontTextStyleBody; font-size: 29px; -webkit-composition-fill-color: rgba(130, 98, 83, 0.0980392); box-sizing: border-box; margin: 0px; padding: 0px; border: 0px; vertical-align: baseline;\">La semana pasada muri\u00f3 en un accidente similar Eduardo Fortuny Loret de Mola.<\/div>\n","protected":false},"excerpt":{"rendered":"<p>En lo que constituye el segundo percance mortal de un motociclista en M\u00e9rida en los \u00faltimos d\u00edas, este lunes perdi\u00f3 la vida otro meridano en moto. Ahora fue un hombre<\/p>\n","protected":false},"author":1,"featured_media":10351,"comment_status":"open","ping_status":"open","sticky":false,"template":"","format":"standard","meta":{"jetpack_post_was_ever_published":false,"_jetpack_newsletter_access":"","_jetpack_dont_email_post_to_subs":false,"_jetpack_newsletter_tier_id":0,"_jetpack_memberships_contains_paywalled_content":false,"_jetpack_memberships_contains_paid_content":false,"footnotes":"","jetpack_publicize_message":"","jetpack_publicize_feature_enabled":true,"jetpack_social_post_already_shared":false,"jetpack_social_options":{"image_generator_settings":{"template":"highway","default_image_id":0,"font":"","enabled":false},"version":2}},"categories":[10,6,3,1],"tags":[],"class_list":["post-168","post","type-post","status-publish","format-standard","has-post-thumbnail","hentry","category-lectura-recomendada","category-lo-mas-leido","category-portada","category-sin-categoria"],"jetpack_publicize_connections":[],"jetpack_featured_media_url":"https:\/\/formalprision.com\/wp-content\/uploads\/2015\/05\/blogger-image-294105688.jpg","jetpack_sharing_enabled":true,"jetpack_shortlink":"https:\/\/wp.me\/p6id8p-2I","_links":{"self":[{"href":"https:\/\/formalprision.com\/index.php?rest_route=\/wp\/v2\/posts\/168","targetHints":{"allow":["GET"]}}],"collection":[{"href":"https:\/\/formalprision.com\/index.php?rest_route=\/wp\/v2\/posts"}],"about":[{"href":"https:\/\/formalprision.com\/index.php?rest_route=\/wp\/v2\/types\/post"}],"author":[{"embeddable":true,"href":"https:\/\/formalprision.com\/index.php?rest_route=\/wp\/v2\/users\/1"}],"replies":[{"embeddable":true,"href":"https:\/\/formalprision.com\/index.php?rest_route=%2Fwp%2Fv2%2Fcomments&post=168"}],"version-history":[{"count":0,"href":"https:\/\/formalprision.com\/index.php?rest_route=\/wp\/v2\/posts\/168\/revisions"}],"wp:featuredmedia":[{"embeddable":true,"href":"https:\/\/formalprision.com\/index.php?rest_route=\/wp\/v2\/media\/10351"}],"wp:attachment":[{"href":"https:\/\/formalprision.com\/index.php?rest_route=%2Fwp%2Fv2%2Fmedia&parent=168"}],"wp:term":[{"taxonomy":"category","embeddable":true,"href":"https:\/\/formalprision.com\/index.php?rest_route=%2Fwp%2Fv2%2Fcategories&post=168"},{"taxonomy":"post_tag","embeddable":true,"href":"https:\/\/formalprision.com\/index.php?rest_route=%2Fwp%2Fv2%2Ftags&post=168"}],"curies":[{"name":"wp","href":"https:\/\/api.w.org\/{rel}","templated":true}]}}