{"id":203,"date":"2015-05-15T00:13:00","date_gmt":"2015-05-15T00:13:00","guid":{"rendered":"http:\/\/formalprision.info\/2015\/05\/15\/meridano-abusa-de-su-nieta-de-13-anos\/"},"modified":"2015-06-03T08:21:27","modified_gmt":"2015-06-03T08:21:27","slug":"meridano-abusa-de-su-nieta-de-13-anos","status":"publish","type":"post","link":"https:\/\/formalprision.com\/?p=203","title":{"rendered":"Meridano abusa de su nieta de 13 a\u00f1os"},"content":{"rendered":"<div class=\"\" style=\"color: rgba(0, 0, 0, 0.701961); font-family: UICTFontTextStyleBody; font-size: 29px; -webkit-composition-fill-color: rgba(130, 98, 83, 0.0980392);\">Jos\u00e9 Mar\u00eda Acosta Mena fue detenido por violar a su nieta una &nbsp;de 13 a\u00f1os en Pacabt\u00fan.<\/div>\n<div class=\"\" style=\"color: rgba(0, 0, 0, 0.701961); font-family: UICTFontTextStyleBody; font-size: 29px; -webkit-composition-fill-color: rgba(130, 98, 83, 0.0980392);\">Hoy mismo se determin\u00f3 que enfrentar\u00e1 &nbsp;proceso penal en&nbsp;&nbsp;prisi\u00f3n, seg\u00fan resoluci\u00f3n de la jueza de control del primer distrito judicial, Blanca Beatriz Bonilla Gonz\u00e1lez.<\/div>\n<div class=\"\" style=\"color: rgba(0, 0, 0, 0.701961); font-family: UICTFontTextStyleBody; font-size: 29px; -webkit-composition-fill-color: rgba(130, 98, 83, 0.0980392);\">El fue detenido mediante orden de aprehensi\u00f3n y en la audiencia de hoy&nbsp;se presentaron tres fiscales investigadores que llevan el caso, la denunciante, el imputado y su defensor p\u00fablico.<\/div>\n<div class=\"\" style=\"color: rgba(0, 0, 0, 0.701961); font-family: UICTFontTextStyleBody; font-size: 29px; -webkit-composition-fill-color: rgba(130, 98, 83, 0.0980392);\">Los fiscales solicitaron el permiso a la jueza para la formulaci\u00f3n de imputaci\u00f3n y le mencionaron los hechos y los datos de prueba con que cuentan en la carpeta de investigaci\u00f3n abierta para esclarecer los hechos.<\/div>\n<div class=\"\" style=\"color: rgba(0, 0, 0, 0.701961); font-family: UICTFontTextStyleBody; font-size: 29px; -webkit-composition-fill-color: rgba(130, 98, 83, 0.0980392);\">Jos\u00e9 Mar\u00eda Acosta &nbsp;manifest\u00f3 su deseo de no declarar y se acogi\u00f3 a la duplicidad del t\u00e9rmino constitucional para la realizaci\u00f3n de la audiencia de vinculaci\u00f3n, por lo que la jueza Bonilla Gonz\u00e1lez fij\u00f3&nbsp;el 19 de mayo&nbsp;, para la realizaci\u00f3n de esa diligencia.<\/div>\n<div class=\"\" style=\"color: rgba(0, 0, 0, 0.701961); font-family: UICTFontTextStyleBody; font-size: 29px; -webkit-composition-fill-color: rgba(130, 98, 83, 0.0980392);\">Seguidamente, los fiscales solicitaron la prisi\u00f3n preventiva oficiosa, argumentando que es un delito que la ley considera como grave; pero la defensa, en su oportunidad, mencion\u00f3 que se tomara en cuenta la salud del sujeto, debido a que lleva un tratamiento m\u00e9dico y sugiri\u00f3 el arresto domiciliario como medida cautelar.<\/div>\n<div class=\"\" style=\"color: rgba(0, 0, 0, 0.701961); font-family: UICTFontTextStyleBody; font-size: 29px; -webkit-composition-fill-color: rgba(130, 98, 83, 0.0980392);\">La jueza Bonilla Gonz\u00e1lez accedi\u00f3 a la solicitud de los fiscales de dejarlo en la c\u00e1rcel.<\/div>\n<div id=\"yui_3_16_0_1_1431640823096_3205\" class=\"\" style=\"color: rgba(0, 0, 0, 0.701961); font-family: UICTFontTextStyleBody; font-size: 29px; -webkit-composition-fill-color: rgba(130, 98, 83, 0.0980392);\">Los hechos ocurrieron a finales del mes de noviembre del a\u00f1o 2014, cuando en un predio del fraccionamiento Pacabt\u00fan el sujeto le impuso la c\u00f3pula a una menor de 13 a\u00f1os de edad, haciendo uso de su fuerza f\u00edsica.<\/div>\n<div id=\"yui_3_16_0_1_1431640823096_3205\" class=\"\" style=\"color: rgba(0, 0, 0, 0.701961); font-family: UICTFontTextStyleBody; font-size: 29px; -webkit-composition-fill-color: rgba(130, 98, 83, 0.0980392);\">Como abuelo de la v\u00edctima, el sujeto se encontraba con la joven en el mismo domicilio, cuando la forz\u00f3 para cometer actos lascivos en su contra.<\/div>\n<div id=\"yui_3_16_0_1_1431640823096_3205\" class=\"\" style=\"color: rgba(0, 0, 0, 0.701961); font-family: UICTFontTextStyleBody; font-size: 29px; -webkit-composition-fill-color: rgba(130, 98, 83, 0.0980392);\">\n<div class=\"separator\" style=\"clear: both;\"><a href=\"https:\/\/lh3.googleusercontent.com\/-7j7C3bHGvpA\/VVU6xSmgyeI\/AAAAAAAAoD4\/rDFNOhY0DgQ\/s640\/blogger-image--1391995617.jpg\" imageanchor=\"1\" style=\"margin-left: 1em; margin-right: 1em;\"><img decoding=\"async\" border=\"0\" src=\"https:\/\/lh3.googleusercontent.com\/-7j7C3bHGvpA\/VVU6xSmgyeI\/AAAAAAAAoD4\/rDFNOhY0DgQ\/s640\/blogger-image--1391995617.jpg\"><\/a><\/div>\n<p><\/div>\n<div dir=\"ltr\" style=\"color: rgba(0, 0, 0, 0.701961); font-family: UICTFontTextStyleBody; font-size: 29px; -webkit-composition-fill-color: rgba(130, 98, 83, 0.0980392);\"><\/div>\n<div class=\"\" style=\"color: rgba(0, 0, 0, 0.701961); font-family: UICTFontTextStyleBody; font-size: 29px; -webkit-composition-fill-color: rgba(130, 98, 83, 0.0980392);\"><\/div>\n<div class=\"\" style=\"color: rgba(0, 0, 0, 0.701961); font-family: UICTFontTextStyleBody; font-size: 29px; -webkit-composition-fill-color: rgba(130, 98, 83, 0.0980392);\">&nbsp;<\/div>\n","protected":false},"excerpt":{"rendered":"<p>Jos\u00e9 Mar\u00eda Acosta Mena fue detenido por violar a su nieta una &nbsp;de 13 a\u00f1os en Pacabt\u00fan. Hoy mismo se determin\u00f3 que enfrentar\u00e1 &nbsp;proceso penal en&nbsp;&nbsp;prisi\u00f3n, seg\u00fan resoluci\u00f3n de la<\/p>\n","protected":false},"author":1,"featured_media":10431,"comment_status":"open","ping_status":"open","sticky":false,"template":"","format":"standard","meta":{"jetpack_post_was_ever_published":false,"_jetpack_newsletter_access":"","_jetpack_dont_email_post_to_subs":false,"_jetpack_newsletter_tier_id":0,"_jetpack_memberships_contains_paywalled_content":false,"_jetpack_memberships_contains_paid_content":false,"footnotes":"","jetpack_publicize_message":"","jetpack_publicize_feature_enabled":true,"jetpack_social_post_already_shared":false,"jetpack_social_options":{"image_generator_settings":{"template":"highway","default_image_id":0,"font":"","enabled":false},"version":2}},"categories":[10,6,3,1],"tags":[],"class_list":["post-203","post","type-post","status-publish","format-standard","has-post-thumbnail","hentry","category-lectura-recomendada","category-lo-mas-leido","category-portada","category-sin-categoria"],"jetpack_publicize_connections":[],"jetpack_featured_media_url":"https:\/\/formalprision.com\/wp-content\/uploads\/2015\/05\/blogger-image-1391995617.jpg","jetpack_sharing_enabled":true,"jetpack_shortlink":"https:\/\/wp.me\/p6id8p-3h","_links":{"self":[{"href":"https:\/\/formalprision.com\/index.php?rest_route=\/wp\/v2\/posts\/203","targetHints":{"allow":["GET"]}}],"collection":[{"href":"https:\/\/formalprision.com\/index.php?rest_route=\/wp\/v2\/posts"}],"about":[{"href":"https:\/\/formalprision.com\/index.php?rest_route=\/wp\/v2\/types\/post"}],"author":[{"embeddable":true,"href":"https:\/\/formalprision.com\/index.php?rest_route=\/wp\/v2\/users\/1"}],"replies":[{"embeddable":true,"href":"https:\/\/formalprision.com\/index.php?rest_route=%2Fwp%2Fv2%2Fcomments&post=203"}],"version-history":[{"count":0,"href":"https:\/\/formalprision.com\/index.php?rest_route=\/wp\/v2\/posts\/203\/revisions"}],"wp:featuredmedia":[{"embeddable":true,"href":"https:\/\/formalprision.com\/index.php?rest_route=\/wp\/v2\/media\/10431"}],"wp:attachment":[{"href":"https:\/\/formalprision.com\/index.php?rest_route=%2Fwp%2Fv2%2Fmedia&parent=203"}],"wp:term":[{"taxonomy":"category","embeddable":true,"href":"https:\/\/formalprision.com\/index.php?rest_route=%2Fwp%2Fv2%2Fcategories&post=203"},{"taxonomy":"post_tag","embeddable":true,"href":"https:\/\/formalprision.com\/index.php?rest_route=%2Fwp%2Fv2%2Ftags&post=203"}],"curies":[{"name":"wp","href":"https:\/\/api.w.org\/{rel}","templated":true}]}}